{"id":1494,"date":"2012-01-31T09:53:54","date_gmt":"2012-01-31T08:53:54","guid":{"rendered":"http:\/\/www.forschungssupport.ch\/?p=1494"},"modified":"2012-01-31T09:53:54","modified_gmt":"2012-01-31T08:53:54","slug":"konzept-der-energieforschung-in-vernehmlassung","status":"publish","type":"post","link":"https:\/\/blog.zhaw.ch\/forschungssupport\/konzept-der-energieforschung-in-vernehmlassung\/","title":{"rendered":"Konzept der Energieforschung in Vernehmlassung"},"content":{"rendered":"<blockquote><p><a href=\"http:\/\/blog.zhaw.ch\/forschungssupport\/files\/2011\/12\/Energieforschungskonzept.gif\"><img loading=\"lazy\" decoding=\"async\" class=\"size-full wp-image-1495 alignleft\" title=\"Energieforschungskonzept\" src=\"http:\/\/blog.zhaw.ch\/forschungssupport\/files\/2011\/12\/Energieforschungskonzept.gif\" alt=\"\" width=\"100\" height=\"139\" \/><\/a>\u00abDie Schweizer Energieforschung leistet einen relevanten Beitrag zur effizienten und emissionsarmen Energiebereitstellung, -umwandlung und -speicherung. Sie f\u00f6rdert dadurch eine national und international sichere, \u00f6konomisch und \u00f6kologisch tragbare Energieversorung.\u00bb<\/p><\/blockquote>\n<p>An dieser Vision orientiert sich das Konzept der Energieforschung des Bundes 2013-2016, welches gegenw\u00e4rtig in Vernehmlassung ist. <!--more--><\/p>\n<p>Parallel zum Projekt \u00ab\u00a0Energieforschung Schweiz\u00a0\u00bb (siehe fr\u00fcheren <a href=\"http:\/\/www.forschungssupport.ch\/aktivitaten-zur-%C2%ABkoordinierten-energieforschung-schweiz%C2%BB\/\" target=\"_self\">Blogbeitrag<\/a>) hat das Departement f\u00fcr Umwelt, Verkehr, Energie und Kommunikation (UVEK) eine Vernehmlassung des \u201eKonzepts der Energieforschung des Bundes 2013-2016\u201c lanciert. Die Rektorenkonferenz der Fachhochschulen (KFH) hat beschlossen, an der Anh\u00f6rung teilzunehmen und hat dem Ressort Ra&amp;D den Auftrag geben, die Stellungnahme der KFH zu erarbeiten.<\/p>\n<p>Aktualisierung 31.01.2012<\/p>\n<p>ZHAW Energieexperten waren eingeladen, bis <strong>18. Januar 2012<\/strong> Stellungnahmen an das Ressort F&amp;E der ZHAW (H. St\u00fclpnagel) zu senden. Eine Zusammenfassung ging am 20.01.2012 an die KFH. Bis 09. Februar wird die KFH eine Zusammenfassung erstellen und abstimmen und eine Gesamtstellungnahme am 16. Februar verabschieden. Der aktuelle Zwischenstand kann bei Heinrich St\u00fclpnagel eingesehen und allenfalls kommentiert werden.<\/p>\n<p>Weitere Informationen:<\/p>\n<ul>\n<li><a href=\"http:\/\/www.energieforschung.ch\" target=\"_blank\">www.energieforschung.ch<\/a><\/li>\n<li><a href=\"http:\/\/www.bfe.admin.ch\/themen\/00519\/01219\/index.html?lang=de&amp;dossier_id=05267\" target=\"_blank\">Energieforschungskonferenz 2011 <\/a>(mit Konzept Energieforschung, Vernehmlassungsschreiben Frist 28.02.2012)<\/li>\n<li><a href=\"http:\/\/www.bfe.admin.ch\/themen\/00519\/00520\/index.html?lang=de\" target=\"_blank\">CORE<\/a><\/li>\n<li><a href=\"http:\/\/www.forschungssupport.ch\/tag\/energie\/\" target=\"_self\">Blogbeitr\u00e4ge zum Thema Energie<\/a><\/li>\n<\/ul>\n<div class=\"pt-sm\">Schlagw\u00f6rter: <a href=\"https:\/\/blog.zhaw.ch\/forschungssupport\/tag\/energie\/\">Energie<\/a>, <a href=\"https:\/\/blog.zhaw.ch\/forschungssupport\/tag\/nachhaltige-entwicklung\/\">Nachhaltige Entwicklung<\/a>, <a href=\"https:\/\/blog.zhaw.ch\/forschungssupport\/tag\/umwelt\/\">Umwelt<\/a><br><\/div>","protected":false},"excerpt":{"rendered":"<p>\u00abDie Schweizer Energieforschung leistet einen relevanten Beitrag zur effizienten und emissionsarmen Energiebereitstellung, -umwandlung und -speicherung. Sie f\u00f6rdert dadurch eine national und international sichere, \u00f6konomisch und \u00f6kologisch tragbare Energieversorung.\u00bb An dieser Vision orientiert sich das Konzept der Energieforschung des Bundes 2013-2016, welches gegenw\u00e4rtig in Vernehmlassung ist. Schlagw\u00f6rter: Energie, Nachhaltige Entwicklung, Umwelt<\/p>\n","protected":false},"author":10,"featured_media":0,"comment_status":"open","ping_status":"open","sticky":false,"template":"","format":"standard","meta":{"ngg_post_thumbnail":0,"footnotes":""},"categories":[7],"tags":[60,135,189],"features":[],"class_list":["post-1494","post","type-post","status-publish","format-standard","hentry","category-forschungspolitik","tag-energie","tag-nachhaltige-entwicklung","tag-umwelt"],"yoast_head":"<!-- This site is optimized with the Yoast SEO Premium plugin v27.2 (Yoast SEO v27.2) - https:\/\/yoast.com\/product\/yoast-seo-premium-wordpress\/ -->\n<title>Konzept der Energieforschung in Vernehmlassung - Blog f\u00fcr Forschung und Entwicklung<\/title>\n<meta name=\"robots\" content=\"index, follow, max-snippet:-1, max-image-preview:large, max-video-preview:-1\" \/>\n<link rel=\"canonical\" href=\"https:\/\/blog.zhaw.ch\/forschungssupport\/konzept-der-energieforschung-in-vernehmlassung\/\" \/>\n<meta property=\"og:locale\" content=\"de_DE\" \/>\n<meta property=\"og:type\" content=\"article\" \/>\n<meta property=\"og:title\" content=\"Konzept der Energieforschung in Vernehmlassung\" \/>\n<meta property=\"og:description\" content=\"\u00abDie Schweizer Energieforschung leistet einen relevanten Beitrag zur effizienten und emissionsarmen Energiebereitstellung, -umwandlung und -speicherung. Sie f\u00f6rdert dadurch eine national und international sichere, \u00f6konomisch und \u00f6kologisch tragbare Energieversorung.\u00bb An dieser Vision orientiert sich das Konzept der Energieforschung des Bundes 2013-2016, welches gegenw\u00e4rtig in Vernehmlassung ist. Schlagw\u00f6rter: Energie, Nachhaltige Entwicklung, Umwelt\" \/>\n<meta property=\"og:url\" content=\"https:\/\/blog.zhaw.ch\/forschungssupport\/konzept-der-energieforschung-in-vernehmlassung\/\" \/>\n<meta property=\"og:site_name\" content=\"Blog f\u00fcr Forschung und Entwicklung\" \/>\n<meta property=\"article:published_time\" content=\"2012-01-31T08:53:54+00:00\" \/>\n<meta property=\"og:image\" content=\"http:\/\/blog.zhaw.ch\/forschungssupport\/files\/2011\/12\/Energieforschungskonzept.gif\" \/>\n<meta name=\"author\" content=\"Heinrich St\u00fclpnagel\" \/>\n<meta name=\"twitter:card\" content=\"summary_large_image\" \/>\n<meta name=\"twitter:label1\" content=\"Verfasst von\" \/>\n\t<meta name=\"twitter:data1\" content=\"Heinrich St\u00fclpnagel\" \/>\n\t<meta name=\"twitter:label2\" content=\"Gesch\u00e4tzte Lesezeit\" \/>\n\t<meta name=\"twitter:data2\" content=\"1\u00a0Minute\" \/>\n<script type=\"application\/ld+json\" class=\"yoast-schema-graph\">{\"@context\":\"https:\/\/schema.org\",\"@graph\":[{\"@type\":\"Article\",\"@id\":\"https:\/\/blog.zhaw.ch\/forschungssupport\/konzept-der-energieforschung-in-vernehmlassung\/#article\",\"isPartOf\":{\"@id\":\"https:\/\/blog.zhaw.ch\/forschungssupport\/konzept-der-energieforschung-in-vernehmlassung\/\"},\"author\":{\"name\":\"Heinrich St\u00fclpnagel\",\"@id\":\"https:\/\/blog.zhaw.ch\/forschungssupport\/#\/schema\/person\/ac9b72054c9b75700c5fe6696ee3dfb0\"},\"headline\":\"Konzept der Energieforschung in Vernehmlassung\",\"datePublished\":\"2012-01-31T08:53:54+00:00\",\"mainEntityOfPage\":{\"@id\":\"https:\/\/blog.zhaw.ch\/forschungssupport\/konzept-der-energieforschung-in-vernehmlassung\/\"},\"wordCount\":184,\"commentCount\":0,\"image\":{\"@id\":\"https:\/\/blog.zhaw.ch\/forschungssupport\/konzept-der-energieforschung-in-vernehmlassung\/#primaryimage\"},\"thumbnailUrl\":\"http:\/\/blog.zhaw.ch\/forschungssupport\/files\/2011\/12\/Energieforschungskonzept.gif\",\"keywords\":[\"Energie\",\"Nachhaltige Entwicklung\",\"Umwelt\"],\"articleSection\":[\"Forschungspolitik\"],\"inLanguage\":\"de\",\"potentialAction\":[{\"@type\":\"CommentAction\",\"name\":\"Comment\",\"target\":[\"https:\/\/blog.zhaw.ch\/forschungssupport\/konzept-der-energieforschung-in-vernehmlassung\/#respond\"]}]},{\"@type\":\"WebPage\",\"@id\":\"https:\/\/blog.zhaw.ch\/forschungssupport\/konzept-der-energieforschung-in-vernehmlassung\/\",\"url\":\"https:\/\/blog.zhaw.ch\/forschungssupport\/konzept-der-energieforschung-in-vernehmlassung\/\",\"name\":\"Konzept der Energieforschung in Vernehmlassung - Blog f\u00fcr Forschung und Entwicklung\",\"isPartOf\":{\"@id\":\"https:\/\/blog.zhaw.ch\/forschungssupport\/#website\"},\"primaryImageOfPage\":{\"@id\":\"https:\/\/blog.zhaw.ch\/forschungssupport\/konzept-der-energieforschung-in-vernehmlassung\/#primaryimage\"},\"image\":{\"@id\":\"https:\/\/blog.zhaw.ch\/forschungssupport\/konzept-der-energieforschung-in-vernehmlassung\/#primaryimage\"},\"thumbnailUrl\":\"http:\/\/blog.zhaw.ch\/forschungssupport\/files\/2011\/12\/Energieforschungskonzept.gif\",\"datePublished\":\"2012-01-31T08:53:54+00:00\",\"author\":{\"@id\":\"https:\/\/blog.zhaw.ch\/forschungssupport\/#\/schema\/person\/ac9b72054c9b75700c5fe6696ee3dfb0\"},\"breadcrumb\":{\"@id\":\"https:\/\/blog.zhaw.ch\/forschungssupport\/konzept-der-energieforschung-in-vernehmlassung\/#breadcrumb\"},\"inLanguage\":\"de\",\"potentialAction\":[{\"@type\":\"ReadAction\",\"target\":[\"https:\/\/blog.zhaw.ch\/forschungssupport\/konzept-der-energieforschung-in-vernehmlassung\/\"]}]},{\"@type\":\"ImageObject\",\"inLanguage\":\"de\",\"@id\":\"https:\/\/blog.zhaw.ch\/forschungssupport\/konzept-der-energieforschung-in-vernehmlassung\/#primaryimage\",\"url\":\"http:\/\/blog.zhaw.ch\/forschungssupport\/files\/2011\/12\/Energieforschungskonzept.gif\",\"contentUrl\":\"http:\/\/blog.zhaw.ch\/forschungssupport\/files\/2011\/12\/Energieforschungskonzept.gif\"},{\"@type\":\"BreadcrumbList\",\"@id\":\"https:\/\/blog.zhaw.ch\/forschungssupport\/konzept-der-energieforschung-in-vernehmlassung\/#breadcrumb\",\"itemListElement\":[{\"@type\":\"ListItem\",\"position\":1,\"name\":\"Startseite\",\"item\":\"https:\/\/blog.zhaw.ch\/forschungssupport\/\"},{\"@type\":\"ListItem\",\"position\":2,\"name\":\"Konzept der Energieforschung in Vernehmlassung\"}]},{\"@type\":\"WebSite\",\"@id\":\"https:\/\/blog.zhaw.ch\/forschungssupport\/#website\",\"url\":\"https:\/\/blog.zhaw.ch\/forschungssupport\/\",\"name\":\"Blog f\u00fcr Forschung und Entwicklung\",\"description\":\"Ein Blog der ZHAW Z\u00fcrcher Hochschule f\u00fcr Angewandte Wissenschaften\",\"potentialAction\":[{\"@type\":\"SearchAction\",\"target\":{\"@type\":\"EntryPoint\",\"urlTemplate\":\"https:\/\/blog.zhaw.ch\/forschungssupport\/?s={search_term_string}\"},\"query-input\":{\"@type\":\"PropertyValueSpecification\",\"valueRequired\":true,\"valueName\":\"search_term_string\"}}],\"inLanguage\":\"de\"},{\"@type\":\"Person\",\"@id\":\"https:\/\/blog.zhaw.ch\/forschungssupport\/#\/schema\/person\/ac9b72054c9b75700c5fe6696ee3dfb0\",\"name\":\"Heinrich St\u00fclpnagel\",\"image\":{\"@type\":\"ImageObject\",\"inLanguage\":\"de\",\"@id\":\"https:\/\/secure.gravatar.com\/avatar\/abb16a8086434b08b727ee8686cd30a270b9a039f415b3546c1ab03c85b7b91c?s=96&d=mm&r=g\",\"url\":\"https:\/\/secure.gravatar.com\/avatar\/abb16a8086434b08b727ee8686cd30a270b9a039f415b3546c1ab03c85b7b91c?s=96&d=mm&r=g\",\"contentUrl\":\"https:\/\/secure.gravatar.com\/avatar\/abb16a8086434b08b727ee8686cd30a270b9a039f415b3546c1ab03c85b7b91c?s=96&d=mm&r=g\",\"caption\":\"Heinrich St\u00fclpnagel\"},\"sameAs\":[\"http:\/\/www.zhaw.ch\/Forschung\"],\"url\":\"https:\/\/blog.zhaw.ch\/forschungssupport\/author\/stph\/\"}]}<\/script>\n<!-- \/ Yoast SEO Premium plugin. -->","yoast_head_json":{"title":"Konzept der Energieforschung in Vernehmlassung - Blog f\u00fcr Forschung und Entwicklung","robots":{"index":"index","follow":"follow","max-snippet":"max-snippet:-1","max-image-preview":"max-image-preview:large","max-video-preview":"max-video-preview:-1"},"canonical":"https:\/\/blog.zhaw.ch\/forschungssupport\/konzept-der-energieforschung-in-vernehmlassung\/","og_locale":"de_DE","og_type":"article","og_title":"Konzept der Energieforschung in Vernehmlassung","og_description":"\u00abDie Schweizer Energieforschung leistet einen relevanten Beitrag zur effizienten und emissionsarmen Energiebereitstellung, -umwandlung und -speicherung. Sie f\u00f6rdert dadurch eine national und international sichere, \u00f6konomisch und \u00f6kologisch tragbare Energieversorung.\u00bb An dieser Vision orientiert sich das Konzept der Energieforschung des Bundes 2013-2016, welches gegenw\u00e4rtig in Vernehmlassung ist. Schlagw\u00f6rter: Energie, Nachhaltige Entwicklung, Umwelt","og_url":"https:\/\/blog.zhaw.ch\/forschungssupport\/konzept-der-energieforschung-in-vernehmlassung\/","og_site_name":"Blog f\u00fcr Forschung und Entwicklung","article_published_time":"2012-01-31T08:53:54+00:00","og_image":[{"url":"http:\/\/blog.zhaw.ch\/forschungssupport\/files\/2011\/12\/Energieforschungskonzept.gif","type":"","width":"","height":""}],"author":"Heinrich St\u00fclpnagel","twitter_card":"summary_large_image","twitter_misc":{"Verfasst von":"Heinrich St\u00fclpnagel","Gesch\u00e4tzte Lesezeit":"1\u00a0Minute"},"schema":{"@context":"https:\/\/schema.org","@graph":[{"@type":"Article","@id":"https:\/\/blog.zhaw.ch\/forschungssupport\/konzept-der-energieforschung-in-vernehmlassung\/#article","isPartOf":{"@id":"https:\/\/blog.zhaw.ch\/forschungssupport\/konzept-der-energieforschung-in-vernehmlassung\/"},"author":{"name":"Heinrich St\u00fclpnagel","@id":"https:\/\/blog.zhaw.ch\/forschungssupport\/#\/schema\/person\/ac9b72054c9b75700c5fe6696ee3dfb0"},"headline":"Konzept der Energieforschung in Vernehmlassung","datePublished":"2012-01-31T08:53:54+00:00","mainEntityOfPage":{"@id":"https:\/\/blog.zhaw.ch\/forschungssupport\/konzept-der-energieforschung-in-vernehmlassung\/"},"wordCount":184,"commentCount":0,"image":{"@id":"https:\/\/blog.zhaw.ch\/forschungssupport\/konzept-der-energieforschung-in-vernehmlassung\/#primaryimage"},"thumbnailUrl":"http:\/\/blog.zhaw.ch\/forschungssupport\/files\/2011\/12\/Energieforschungskonzept.gif","keywords":["Energie","Nachhaltige Entwicklung","Umwelt"],"articleSection":["Forschungspolitik"],"inLanguage":"de","potentialAction":[{"@type":"CommentAction","name":"Comment","target":["https:\/\/blog.zhaw.ch\/forschungssupport\/konzept-der-energieforschung-in-vernehmlassung\/#respond"]}]},{"@type":"WebPage","@id":"https:\/\/blog.zhaw.ch\/forschungssupport\/konzept-der-energieforschung-in-vernehmlassung\/","url":"https:\/\/blog.zhaw.ch\/forschungssupport\/konzept-der-energieforschung-in-vernehmlassung\/","name":"Konzept der Energieforschung in Vernehmlassung - Blog f\u00fcr Forschung und Entwicklung","isPartOf":{"@id":"https:\/\/blog.zhaw.ch\/forschungssupport\/#website"},"primaryImageOfPage":{"@id":"https:\/\/blog.zhaw.ch\/forschungssupport\/konzept-der-energieforschung-in-vernehmlassung\/#primaryimage"},"image":{"@id":"https:\/\/blog.zhaw.ch\/forschungssupport\/konzept-der-energieforschung-in-vernehmlassung\/#primaryimage"},"thumbnailUrl":"http:\/\/blog.zhaw.ch\/forschungssupport\/files\/2011\/12\/Energieforschungskonzept.gif","datePublished":"2012-01-31T08:53:54+00:00","author":{"@id":"https:\/\/blog.zhaw.ch\/forschungssupport\/#\/schema\/person\/ac9b72054c9b75700c5fe6696ee3dfb0"},"breadcrumb":{"@id":"https:\/\/blog.zhaw.ch\/forschungssupport\/konzept-der-energieforschung-in-vernehmlassung\/#breadcrumb"},"inLanguage":"de","potentialAction":[{"@type":"ReadAction","target":["https:\/\/blog.zhaw.ch\/forschungssupport\/konzept-der-energieforschung-in-vernehmlassung\/"]}]},{"@type":"ImageObject","inLanguage":"de","@id":"https:\/\/blog.zhaw.ch\/forschungssupport\/konzept-der-energieforschung-in-vernehmlassung\/#primaryimage","url":"http:\/\/blog.zhaw.ch\/forschungssupport\/files\/2011\/12\/Energieforschungskonzept.gif","contentUrl":"http:\/\/blog.zhaw.ch\/forschungssupport\/files\/2011\/12\/Energieforschungskonzept.gif"},{"@type":"BreadcrumbList","@id":"https:\/\/blog.zhaw.ch\/forschungssupport\/konzept-der-energieforschung-in-vernehmlassung\/#breadcrumb","itemListElement":[{"@type":"ListItem","position":1,"name":"Startseite","item":"https:\/\/blog.zhaw.ch\/forschungssupport\/"},{"@type":"ListItem","position":2,"name":"Konzept der Energieforschung in Vernehmlassung"}]},{"@type":"WebSite","@id":"https:\/\/blog.zhaw.ch\/forschungssupport\/#website","url":"https:\/\/blog.zhaw.ch\/forschungssupport\/","name":"Blog f\u00fcr Forschung und Entwicklung","description":"Ein Blog der ZHAW Z\u00fcrcher Hochschule f\u00fcr Angewandte Wissenschaften","potentialAction":[{"@type":"SearchAction","target":{"@type":"EntryPoint","urlTemplate":"https:\/\/blog.zhaw.ch\/forschungssupport\/?s={search_term_string}"},"query-input":{"@type":"PropertyValueSpecification","valueRequired":true,"valueName":"search_term_string"}}],"inLanguage":"de"},{"@type":"Person","@id":"https:\/\/blog.zhaw.ch\/forschungssupport\/#\/schema\/person\/ac9b72054c9b75700c5fe6696ee3dfb0","name":"Heinrich St\u00fclpnagel","image":{"@type":"ImageObject","inLanguage":"de","@id":"https:\/\/secure.gravatar.com\/avatar\/abb16a8086434b08b727ee8686cd30a270b9a039f415b3546c1ab03c85b7b91c?s=96&d=mm&r=g","url":"https:\/\/secure.gravatar.com\/avatar\/abb16a8086434b08b727ee8686cd30a270b9a039f415b3546c1ab03c85b7b91c?s=96&d=mm&r=g","contentUrl":"https:\/\/secure.gravatar.com\/avatar\/abb16a8086434b08b727ee8686cd30a270b9a039f415b3546c1ab03c85b7b91c?s=96&d=mm&r=g","caption":"Heinrich St\u00fclpnagel"},"sameAs":["http:\/\/www.zhaw.ch\/Forschung"],"url":"https:\/\/blog.zhaw.ch\/forschungssupport\/author\/stph\/"}]}},"_links":{"self":[{"href":"https:\/\/blog.zhaw.ch\/forschungssupport\/wp-json\/wp\/v2\/posts\/1494","targetHints":{"allow":["GET"]}}],"collection":[{"href":"https:\/\/blog.zhaw.ch\/forschungssupport\/wp-json\/wp\/v2\/posts"}],"about":[{"href":"https:\/\/blog.zhaw.ch\/forschungssupport\/wp-json\/wp\/v2\/types\/post"}],"author":[{"embeddable":true,"href":"https:\/\/blog.zhaw.ch\/forschungssupport\/wp-json\/wp\/v2\/users\/10"}],"replies":[{"embeddable":true,"href":"https:\/\/blog.zhaw.ch\/forschungssupport\/wp-json\/wp\/v2\/comments?post=1494"}],"version-history":[{"count":0,"href":"https:\/\/blog.zhaw.ch\/forschungssupport\/wp-json\/wp\/v2\/posts\/1494\/revisions"}],"wp:attachment":[{"href":"https:\/\/blog.zhaw.ch\/forschungssupport\/wp-json\/wp\/v2\/media?parent=1494"}],"wp:term":[{"taxonomy":"category","embeddable":true,"href":"https:\/\/blog.zhaw.ch\/forschungssupport\/wp-json\/wp\/v2\/categories?post=1494"},{"taxonomy":"post_tag","embeddable":true,"href":"https:\/\/blog.zhaw.ch\/forschungssupport\/wp-json\/wp\/v2\/tags?post=1494"},{"taxonomy":"features","embeddable":true,"href":"https:\/\/blog.zhaw.ch\/forschungssupport\/wp-json\/wp\/v2\/features?post=1494"}],"curies":[{"name":"wp","href":"https:\/\/api.w.org\/{rel}","templated":true}]}}