{"id":1276,"date":"2011-08-25T08:21:43","date_gmt":"2011-08-25T08:21:43","guid":{"rendered":"http:\/\/www.forschungssupport.ch\/?p=1276"},"modified":"2011-08-25T08:21:43","modified_gmt":"2011-08-25T08:21:43","slug":"aktivitaten-zur-koordinierten-energieforschung-schweiz","status":"publish","type":"post","link":"https:\/\/blog.zhaw.ch\/forschungssupport\/aktivitaten-zur-koordinierten-energieforschung-schweiz\/","title":{"rendered":"Aktivit\u00e4ten zur \u00abkoordinierten Energieforschung Schweiz\u00bb"},"content":{"rendered":"<p><a href=\"http:\/\/blog.zhaw.ch\/forschungssupport\/files\/2011\/08\/Energie-Forschung.jpg\"><img loading=\"lazy\" decoding=\"async\" class=\"alignleft size-full wp-image-1277\" title=\"Energie Forschung\" src=\"http:\/\/blog.zhaw.ch\/forschungssupport\/files\/2011\/08\/Energie-Forschung.jpg\" alt=\"\" width=\"167\" height=\"142\" \/><\/a>Im Rahmen der durch den Bericht \u00abStand und Perspektiven Energieforschung\u00bb ausgel\u00f6sten Massnahmen wird gegenw\u00e4rtig unter hohem Zeitdruck an der Aktualisierung des Berichtes und der Erstellung eines Aktionsplanes \u00abkoordinierte Energieforschung Schweiz\u00bb gearbeitet. Politisches Ziel ist es, mit der Energieproblematik in den kommenden Jahren sinnvoll umgehen und eine sichere Energieversorgung gew\u00e4hrleisten zu k\u00f6nnen.<!--more--><\/p>\n<p><strong>Aktualisierung 21.12.2011:<\/strong><\/p>\n<p>Das Dokument \u00abPosition KFH \u2013 Koordinierte Energieforschung Schweiz\u00bb ist fertig gestellt. Das Papier geht an die Mitglieder unserer ad-hoc-Arbeitsgruppe Energieforschung, an die BBT-Direktion, an den Operativen Ausschuss des Projekts sowie an die Mitglieder des KFH-Ressorts anwendungsorientierte Forschung und Entwicklung FFE der KFH.<\/p>\n<p>An der KFH koordiniert eine \u00abArbeitgruppe Energieforschung\u00bb die Aufgaben des Teilprojektes f\u00fcr die Fachhochschulen. An den Unis und ETHs werden analoge Aufgaben durchgef\u00fchrt.<\/p>\n<ul>\n<li><strong>Portfolioanalyse <\/strong>(bestehende und zuk\u00fcnftige Aktivit\u00e4ten der Fachhochschulen wurden in einer Tabelle erfasst und in einem Strategiepapier der Hochschule erl\u00e4utert). Die R\u00fcckmeldungen werden auf Stufe KFH konsolidiert.<\/li>\n<li><strong>Review <\/strong>des Berichtes \u00abStand und Perspektiven Energieforschung\u00bb vom 29.4.\/12.5.2011<br \/>\nIn diesem Bericht werden die Fachhochschulen insbesondere die ZHAW nicht ad\u00e4quat erw\u00e4hnt. Daher soll besonders durch Fachexperten der Fachhochschulen dieser Bericht kritisch anhand vorgegebener Kriterien gepr\u00fcft und kommentiert werden. Auch diese Stellungnahmen werden zusammengefasst. Kommentare k\u00f6nnen bis 07.09.2011 an Heinrich St\u00fclpnagel gesendet werden.<\/li>\n<li>Konsolidierte Portfolioanalyse und Reviews werden zu <strong>Teilberichten <\/strong>der Insitutionen (FH, Uni, ETH) verarbeitet.<\/li>\n<li>Die Ergebnisse (Teilberichte) werden an einer <strong>Energieforschungskonferenz <\/strong>am 28. November diskutiert.<\/li>\n<li>Das ganze m\u00fcndet nach entsprechenden Vernehmlassungen in einen neuen Bericht und einen nationalen Aktionsplan, der Ende Januar 2012 fertiggestellt sein muss, damit der <strong>Bundesrat im Februar 2012 <\/strong>entscheiden kann.<\/li>\n<\/ul>\n<p>Der ehrgeizige Zeitplan fordert gr\u00f6sstes Engagement aller Beteiligten.<\/p>\n<p>weitere Informationen:<\/p>\n<ul>\n<li><a href=\"http:\/\/www.forschungssupport.ch\/ausbau-der-schweizer-energieforschung-chance-fur-die-fachhochschulen\/\" target=\"_self\">Blogbeitrag Ausbau Energieforschung Chance f\u00fcr Fachhochschulen<\/a><\/li>\n<li><a href=\"http:\/\/www.bfe.admin.ch\/themen\/00519\/01219\/index.html?lang=de\" target=\"_blank\">Schweizer Energieforschungskonferenzen<\/a><\/li>\n<li><a href=\"http:\/\/www.news.admin.ch\/message\/index.html?lang=de&amp;msg-id=40036\" target=\"_blank\">SBF St\u00e4rkung der Forschung im Energiebereich<\/a><\/li>\n<li><\/li>\n<\/ul>\n<div class=\"pt-sm\">Schlagw\u00f6rter: <a href=\"https:\/\/blog.zhaw.ch\/forschungssupport\/tag\/aktionsplan-koordinierte-energieforschung\/\">Aktionsplan koordinierte Energieforschung<\/a>, <a href=\"https:\/\/blog.zhaw.ch\/forschungssupport\/tag\/energie\/\">Energie<\/a>, <a href=\"https:\/\/blog.zhaw.ch\/forschungssupport\/tag\/nachhaltige-entwicklung\/\">Nachhaltige Entwicklung<\/a>, <a href=\"https:\/\/blog.zhaw.ch\/forschungssupport\/tag\/umwelt\/\">Umwelt<\/a><br><\/div>","protected":false},"excerpt":{"rendered":"<p>Im Rahmen der durch den Bericht \u00abStand und Perspektiven Energieforschung\u00bb ausgel\u00f6sten Massnahmen wird gegenw\u00e4rtig unter hohem Zeitdruck an der Aktualisierung des Berichtes und der Erstellung eines Aktionsplanes \u00abkoordinierte Energieforschung Schweiz\u00bb gearbeitet. Politisches Ziel ist es, mit der Energieproblematik in den kommenden Jahren sinnvoll umgehen und eine sichere Energieversorgung gew\u00e4hrleisten zu k\u00f6nnen. Schlagw\u00f6rter: Aktionsplan koordinierte Energieforschung, [&hellip;]<\/p>\n","protected":false},"author":10,"featured_media":0,"comment_status":"open","ping_status":"open","sticky":false,"template":"","format":"standard","meta":{"ngg_post_thumbnail":0,"footnotes":""},"categories":[7],"tags":[28,60,135,189],"features":[],"class_list":["post-1276","post","type-post","status-publish","format-standard","hentry","category-forschungspolitik","tag-aktionsplan-koordinierte-energieforschung","tag-energie","tag-nachhaltige-entwicklung","tag-umwelt"],"yoast_head":"<!-- This site is optimized with the Yoast SEO Premium plugin v27.2 (Yoast SEO v27.2) - https:\/\/yoast.com\/product\/yoast-seo-premium-wordpress\/ -->\n<title>Aktivit\u00e4ten zur \u00abkoordinierten Energieforschung Schweiz\u00bb - Blog f\u00fcr Forschung und Entwicklung<\/title>\n<meta name=\"robots\" content=\"index, follow, max-snippet:-1, max-image-preview:large, max-video-preview:-1\" \/>\n<link rel=\"canonical\" href=\"https:\/\/blog.zhaw.ch\/forschungssupport\/aktivitaten-zur-koordinierten-energieforschung-schweiz\/\" \/>\n<meta property=\"og:locale\" content=\"de_DE\" \/>\n<meta property=\"og:type\" content=\"article\" \/>\n<meta property=\"og:title\" content=\"Aktivit\u00e4ten zur \u00abkoordinierten Energieforschung Schweiz\u00bb\" \/>\n<meta property=\"og:description\" content=\"Im Rahmen der durch den Bericht \u00abStand und Perspektiven Energieforschung\u00bb ausgel\u00f6sten Massnahmen wird gegenw\u00e4rtig unter hohem Zeitdruck an der Aktualisierung des Berichtes und der Erstellung eines Aktionsplanes \u00abkoordinierte Energieforschung Schweiz\u00bb gearbeitet. Politisches Ziel ist es, mit der Energieproblematik in den kommenden Jahren sinnvoll umgehen und eine sichere Energieversorgung gew\u00e4hrleisten zu k\u00f6nnen. Schlagw\u00f6rter: Aktionsplan koordinierte Energieforschung, [&hellip;]\" \/>\n<meta property=\"og:url\" content=\"https:\/\/blog.zhaw.ch\/forschungssupport\/aktivitaten-zur-koordinierten-energieforschung-schweiz\/\" \/>\n<meta property=\"og:site_name\" content=\"Blog f\u00fcr Forschung und Entwicklung\" \/>\n<meta property=\"article:published_time\" content=\"2011-08-25T08:21:43+00:00\" \/>\n<meta property=\"og:image\" content=\"http:\/\/blog.zhaw.ch\/forschungssupport\/files\/2011\/08\/Energie-Forschung.jpg\" \/>\n<meta name=\"author\" content=\"Heinrich St\u00fclpnagel\" \/>\n<meta name=\"twitter:card\" content=\"summary_large_image\" \/>\n<meta name=\"twitter:label1\" content=\"Verfasst von\" \/>\n\t<meta name=\"twitter:data1\" content=\"Heinrich St\u00fclpnagel\" \/>\n\t<meta name=\"twitter:label2\" content=\"Gesch\u00e4tzte Lesezeit\" \/>\n\t<meta name=\"twitter:data2\" content=\"1\u00a0Minute\" \/>\n<script type=\"application\/ld+json\" class=\"yoast-schema-graph\">{\"@context\":\"https:\/\/schema.org\",\"@graph\":[{\"@type\":\"Article\",\"@id\":\"https:\/\/blog.zhaw.ch\/forschungssupport\/aktivitaten-zur-koordinierten-energieforschung-schweiz\/#article\",\"isPartOf\":{\"@id\":\"https:\/\/blog.zhaw.ch\/forschungssupport\/aktivitaten-zur-koordinierten-energieforschung-schweiz\/\"},\"author\":{\"name\":\"Heinrich St\u00fclpnagel\",\"@id\":\"https:\/\/blog.zhaw.ch\/forschungssupport\/#\/schema\/person\/ac9b72054c9b75700c5fe6696ee3dfb0\"},\"headline\":\"Aktivit\u00e4ten zur \u00abkoordinierten Energieforschung Schweiz\u00bb\",\"datePublished\":\"2011-08-25T08:21:43+00:00\",\"mainEntityOfPage\":{\"@id\":\"https:\/\/blog.zhaw.ch\/forschungssupport\/aktivitaten-zur-koordinierten-energieforschung-schweiz\/\"},\"wordCount\":291,\"commentCount\":3,\"image\":{\"@id\":\"https:\/\/blog.zhaw.ch\/forschungssupport\/aktivitaten-zur-koordinierten-energieforschung-schweiz\/#primaryimage\"},\"thumbnailUrl\":\"http:\/\/blog.zhaw.ch\/forschungssupport\/files\/2011\/08\/Energie-Forschung.jpg\",\"keywords\":[\"Aktionsplan koordinierte Energieforschung\",\"Energie\",\"Nachhaltige Entwicklung\",\"Umwelt\"],\"articleSection\":[\"Forschungspolitik\"],\"inLanguage\":\"de\",\"potentialAction\":[{\"@type\":\"CommentAction\",\"name\":\"Comment\",\"target\":[\"https:\/\/blog.zhaw.ch\/forschungssupport\/aktivitaten-zur-koordinierten-energieforschung-schweiz\/#respond\"]}]},{\"@type\":\"WebPage\",\"@id\":\"https:\/\/blog.zhaw.ch\/forschungssupport\/aktivitaten-zur-koordinierten-energieforschung-schweiz\/\",\"url\":\"https:\/\/blog.zhaw.ch\/forschungssupport\/aktivitaten-zur-koordinierten-energieforschung-schweiz\/\",\"name\":\"Aktivit\u00e4ten zur \u00abkoordinierten Energieforschung Schweiz\u00bb - Blog f\u00fcr Forschung und Entwicklung\",\"isPartOf\":{\"@id\":\"https:\/\/blog.zhaw.ch\/forschungssupport\/#website\"},\"primaryImageOfPage\":{\"@id\":\"https:\/\/blog.zhaw.ch\/forschungssupport\/aktivitaten-zur-koordinierten-energieforschung-schweiz\/#primaryimage\"},\"image\":{\"@id\":\"https:\/\/blog.zhaw.ch\/forschungssupport\/aktivitaten-zur-koordinierten-energieforschung-schweiz\/#primaryimage\"},\"thumbnailUrl\":\"http:\/\/blog.zhaw.ch\/forschungssupport\/files\/2011\/08\/Energie-Forschung.jpg\",\"datePublished\":\"2011-08-25T08:21:43+00:00\",\"author\":{\"@id\":\"https:\/\/blog.zhaw.ch\/forschungssupport\/#\/schema\/person\/ac9b72054c9b75700c5fe6696ee3dfb0\"},\"breadcrumb\":{\"@id\":\"https:\/\/blog.zhaw.ch\/forschungssupport\/aktivitaten-zur-koordinierten-energieforschung-schweiz\/#breadcrumb\"},\"inLanguage\":\"de\",\"potentialAction\":[{\"@type\":\"ReadAction\",\"target\":[\"https:\/\/blog.zhaw.ch\/forschungssupport\/aktivitaten-zur-koordinierten-energieforschung-schweiz\/\"]}]},{\"@type\":\"ImageObject\",\"inLanguage\":\"de\",\"@id\":\"https:\/\/blog.zhaw.ch\/forschungssupport\/aktivitaten-zur-koordinierten-energieforschung-schweiz\/#primaryimage\",\"url\":\"http:\/\/blog.zhaw.ch\/forschungssupport\/files\/2011\/08\/Energie-Forschung.jpg\",\"contentUrl\":\"http:\/\/blog.zhaw.ch\/forschungssupport\/files\/2011\/08\/Energie-Forschung.jpg\"},{\"@type\":\"BreadcrumbList\",\"@id\":\"https:\/\/blog.zhaw.ch\/forschungssupport\/aktivitaten-zur-koordinierten-energieforschung-schweiz\/#breadcrumb\",\"itemListElement\":[{\"@type\":\"ListItem\",\"position\":1,\"name\":\"Startseite\",\"item\":\"https:\/\/blog.zhaw.ch\/forschungssupport\/\"},{\"@type\":\"ListItem\",\"position\":2,\"name\":\"Aktivit\u00e4ten zur \u00abkoordinierten Energieforschung Schweiz\u00bb\"}]},{\"@type\":\"WebSite\",\"@id\":\"https:\/\/blog.zhaw.ch\/forschungssupport\/#website\",\"url\":\"https:\/\/blog.zhaw.ch\/forschungssupport\/\",\"name\":\"Blog f\u00fcr Forschung und Entwicklung\",\"description\":\"Ein Blog der ZHAW Z\u00fcrcher Hochschule f\u00fcr Angewandte Wissenschaften\",\"potentialAction\":[{\"@type\":\"SearchAction\",\"target\":{\"@type\":\"EntryPoint\",\"urlTemplate\":\"https:\/\/blog.zhaw.ch\/forschungssupport\/?s={search_term_string}\"},\"query-input\":{\"@type\":\"PropertyValueSpecification\",\"valueRequired\":true,\"valueName\":\"search_term_string\"}}],\"inLanguage\":\"de\"},{\"@type\":\"Person\",\"@id\":\"https:\/\/blog.zhaw.ch\/forschungssupport\/#\/schema\/person\/ac9b72054c9b75700c5fe6696ee3dfb0\",\"name\":\"Heinrich St\u00fclpnagel\",\"image\":{\"@type\":\"ImageObject\",\"inLanguage\":\"de\",\"@id\":\"https:\/\/secure.gravatar.com\/avatar\/abb16a8086434b08b727ee8686cd30a270b9a039f415b3546c1ab03c85b7b91c?s=96&d=mm&r=g\",\"url\":\"https:\/\/secure.gravatar.com\/avatar\/abb16a8086434b08b727ee8686cd30a270b9a039f415b3546c1ab03c85b7b91c?s=96&d=mm&r=g\",\"contentUrl\":\"https:\/\/secure.gravatar.com\/avatar\/abb16a8086434b08b727ee8686cd30a270b9a039f415b3546c1ab03c85b7b91c?s=96&d=mm&r=g\",\"caption\":\"Heinrich St\u00fclpnagel\"},\"sameAs\":[\"http:\/\/www.zhaw.ch\/Forschung\"],\"url\":\"https:\/\/blog.zhaw.ch\/forschungssupport\/author\/stph\/\"}]}<\/script>\n<!-- \/ Yoast SEO Premium plugin. -->","yoast_head_json":{"title":"Aktivit\u00e4ten zur \u00abkoordinierten Energieforschung Schweiz\u00bb - Blog f\u00fcr Forschung und Entwicklung","robots":{"index":"index","follow":"follow","max-snippet":"max-snippet:-1","max-image-preview":"max-image-preview:large","max-video-preview":"max-video-preview:-1"},"canonical":"https:\/\/blog.zhaw.ch\/forschungssupport\/aktivitaten-zur-koordinierten-energieforschung-schweiz\/","og_locale":"de_DE","og_type":"article","og_title":"Aktivit\u00e4ten zur \u00abkoordinierten Energieforschung Schweiz\u00bb","og_description":"Im Rahmen der durch den Bericht \u00abStand und Perspektiven Energieforschung\u00bb ausgel\u00f6sten Massnahmen wird gegenw\u00e4rtig unter hohem Zeitdruck an der Aktualisierung des Berichtes und der Erstellung eines Aktionsplanes \u00abkoordinierte Energieforschung Schweiz\u00bb gearbeitet. Politisches Ziel ist es, mit der Energieproblematik in den kommenden Jahren sinnvoll umgehen und eine sichere Energieversorgung gew\u00e4hrleisten zu k\u00f6nnen. Schlagw\u00f6rter: Aktionsplan koordinierte Energieforschung, [&hellip;]","og_url":"https:\/\/blog.zhaw.ch\/forschungssupport\/aktivitaten-zur-koordinierten-energieforschung-schweiz\/","og_site_name":"Blog f\u00fcr Forschung und Entwicklung","article_published_time":"2011-08-25T08:21:43+00:00","og_image":[{"url":"http:\/\/blog.zhaw.ch\/forschungssupport\/files\/2011\/08\/Energie-Forschung.jpg","type":"","width":"","height":""}],"author":"Heinrich St\u00fclpnagel","twitter_card":"summary_large_image","twitter_misc":{"Verfasst von":"Heinrich St\u00fclpnagel","Gesch\u00e4tzte Lesezeit":"1\u00a0Minute"},"schema":{"@context":"https:\/\/schema.org","@graph":[{"@type":"Article","@id":"https:\/\/blog.zhaw.ch\/forschungssupport\/aktivitaten-zur-koordinierten-energieforschung-schweiz\/#article","isPartOf":{"@id":"https:\/\/blog.zhaw.ch\/forschungssupport\/aktivitaten-zur-koordinierten-energieforschung-schweiz\/"},"author":{"name":"Heinrich St\u00fclpnagel","@id":"https:\/\/blog.zhaw.ch\/forschungssupport\/#\/schema\/person\/ac9b72054c9b75700c5fe6696ee3dfb0"},"headline":"Aktivit\u00e4ten zur \u00abkoordinierten Energieforschung Schweiz\u00bb","datePublished":"2011-08-25T08:21:43+00:00","mainEntityOfPage":{"@id":"https:\/\/blog.zhaw.ch\/forschungssupport\/aktivitaten-zur-koordinierten-energieforschung-schweiz\/"},"wordCount":291,"commentCount":3,"image":{"@id":"https:\/\/blog.zhaw.ch\/forschungssupport\/aktivitaten-zur-koordinierten-energieforschung-schweiz\/#primaryimage"},"thumbnailUrl":"http:\/\/blog.zhaw.ch\/forschungssupport\/files\/2011\/08\/Energie-Forschung.jpg","keywords":["Aktionsplan koordinierte Energieforschung","Energie","Nachhaltige Entwicklung","Umwelt"],"articleSection":["Forschungspolitik"],"inLanguage":"de","potentialAction":[{"@type":"CommentAction","name":"Comment","target":["https:\/\/blog.zhaw.ch\/forschungssupport\/aktivitaten-zur-koordinierten-energieforschung-schweiz\/#respond"]}]},{"@type":"WebPage","@id":"https:\/\/blog.zhaw.ch\/forschungssupport\/aktivitaten-zur-koordinierten-energieforschung-schweiz\/","url":"https:\/\/blog.zhaw.ch\/forschungssupport\/aktivitaten-zur-koordinierten-energieforschung-schweiz\/","name":"Aktivit\u00e4ten zur \u00abkoordinierten Energieforschung Schweiz\u00bb - Blog f\u00fcr Forschung und Entwicklung","isPartOf":{"@id":"https:\/\/blog.zhaw.ch\/forschungssupport\/#website"},"primaryImageOfPage":{"@id":"https:\/\/blog.zhaw.ch\/forschungssupport\/aktivitaten-zur-koordinierten-energieforschung-schweiz\/#primaryimage"},"image":{"@id":"https:\/\/blog.zhaw.ch\/forschungssupport\/aktivitaten-zur-koordinierten-energieforschung-schweiz\/#primaryimage"},"thumbnailUrl":"http:\/\/blog.zhaw.ch\/forschungssupport\/files\/2011\/08\/Energie-Forschung.jpg","datePublished":"2011-08-25T08:21:43+00:00","author":{"@id":"https:\/\/blog.zhaw.ch\/forschungssupport\/#\/schema\/person\/ac9b72054c9b75700c5fe6696ee3dfb0"},"breadcrumb":{"@id":"https:\/\/blog.zhaw.ch\/forschungssupport\/aktivitaten-zur-koordinierten-energieforschung-schweiz\/#breadcrumb"},"inLanguage":"de","potentialAction":[{"@type":"ReadAction","target":["https:\/\/blog.zhaw.ch\/forschungssupport\/aktivitaten-zur-koordinierten-energieforschung-schweiz\/"]}]},{"@type":"ImageObject","inLanguage":"de","@id":"https:\/\/blog.zhaw.ch\/forschungssupport\/aktivitaten-zur-koordinierten-energieforschung-schweiz\/#primaryimage","url":"http:\/\/blog.zhaw.ch\/forschungssupport\/files\/2011\/08\/Energie-Forschung.jpg","contentUrl":"http:\/\/blog.zhaw.ch\/forschungssupport\/files\/2011\/08\/Energie-Forschung.jpg"},{"@type":"BreadcrumbList","@id":"https:\/\/blog.zhaw.ch\/forschungssupport\/aktivitaten-zur-koordinierten-energieforschung-schweiz\/#breadcrumb","itemListElement":[{"@type":"ListItem","position":1,"name":"Startseite","item":"https:\/\/blog.zhaw.ch\/forschungssupport\/"},{"@type":"ListItem","position":2,"name":"Aktivit\u00e4ten zur \u00abkoordinierten Energieforschung Schweiz\u00bb"}]},{"@type":"WebSite","@id":"https:\/\/blog.zhaw.ch\/forschungssupport\/#website","url":"https:\/\/blog.zhaw.ch\/forschungssupport\/","name":"Blog f\u00fcr Forschung und Entwicklung","description":"Ein Blog der ZHAW Z\u00fcrcher Hochschule f\u00fcr Angewandte Wissenschaften","potentialAction":[{"@type":"SearchAction","target":{"@type":"EntryPoint","urlTemplate":"https:\/\/blog.zhaw.ch\/forschungssupport\/?s={search_term_string}"},"query-input":{"@type":"PropertyValueSpecification","valueRequired":true,"valueName":"search_term_string"}}],"inLanguage":"de"},{"@type":"Person","@id":"https:\/\/blog.zhaw.ch\/forschungssupport\/#\/schema\/person\/ac9b72054c9b75700c5fe6696ee3dfb0","name":"Heinrich St\u00fclpnagel","image":{"@type":"ImageObject","inLanguage":"de","@id":"https:\/\/secure.gravatar.com\/avatar\/abb16a8086434b08b727ee8686cd30a270b9a039f415b3546c1ab03c85b7b91c?s=96&d=mm&r=g","url":"https:\/\/secure.gravatar.com\/avatar\/abb16a8086434b08b727ee8686cd30a270b9a039f415b3546c1ab03c85b7b91c?s=96&d=mm&r=g","contentUrl":"https:\/\/secure.gravatar.com\/avatar\/abb16a8086434b08b727ee8686cd30a270b9a039f415b3546c1ab03c85b7b91c?s=96&d=mm&r=g","caption":"Heinrich St\u00fclpnagel"},"sameAs":["http:\/\/www.zhaw.ch\/Forschung"],"url":"https:\/\/blog.zhaw.ch\/forschungssupport\/author\/stph\/"}]}},"_links":{"self":[{"href":"https:\/\/blog.zhaw.ch\/forschungssupport\/wp-json\/wp\/v2\/posts\/1276","targetHints":{"allow":["GET"]}}],"collection":[{"href":"https:\/\/blog.zhaw.ch\/forschungssupport\/wp-json\/wp\/v2\/posts"}],"about":[{"href":"https:\/\/blog.zhaw.ch\/forschungssupport\/wp-json\/wp\/v2\/types\/post"}],"author":[{"embeddable":true,"href":"https:\/\/blog.zhaw.ch\/forschungssupport\/wp-json\/wp\/v2\/users\/10"}],"replies":[{"embeddable":true,"href":"https:\/\/blog.zhaw.ch\/forschungssupport\/wp-json\/wp\/v2\/comments?post=1276"}],"version-history":[{"count":0,"href":"https:\/\/blog.zhaw.ch\/forschungssupport\/wp-json\/wp\/v2\/posts\/1276\/revisions"}],"wp:attachment":[{"href":"https:\/\/blog.zhaw.ch\/forschungssupport\/wp-json\/wp\/v2\/media?parent=1276"}],"wp:term":[{"taxonomy":"category","embeddable":true,"href":"https:\/\/blog.zhaw.ch\/forschungssupport\/wp-json\/wp\/v2\/categories?post=1276"},{"taxonomy":"post_tag","embeddable":true,"href":"https:\/\/blog.zhaw.ch\/forschungssupport\/wp-json\/wp\/v2\/tags?post=1276"},{"taxonomy":"features","embeddable":true,"href":"https:\/\/blog.zhaw.ch\/forschungssupport\/wp-json\/wp\/v2\/features?post=1276"}],"curies":[{"name":"wp","href":"https:\/\/api.w.org\/{rel}","templated":true}]}}