{"id":11528,"date":"2020-06-15T07:36:36","date_gmt":"2020-06-15T05:36:36","guid":{"rendered":"https:\/\/blog.zhaw.ch\/forschungssupport\/?p=11528"},"modified":"2021-12-21T15:06:19","modified_gmt":"2021-12-21T14:06:19","slug":"interdepartementale-arbeitsgruppe-a-hat-ihre-arbeit-aufgenommen","status":"publish","type":"post","link":"https:\/\/blog.zhaw.ch\/forschungssupport\/interdepartementale-arbeitsgruppe-a-hat-ihre-arbeit-aufgenommen\/","title":{"rendered":"Interdepartementale Arbeitsgruppe a+ hat ihre Arbeit aufgenommen"},"content":{"rendered":"<p><a href=\"https:\/\/blog.zhaw.ch\/forschungssupport\/files\/2020\/05\/AgeingSociety-scaled.jpg\"><img loading=\"lazy\" decoding=\"async\" class=\"wp-image-11530 size-medium alignleft\" src=\"https:\/\/blog.zhaw.ch\/forschungssupport\/files\/2020\/05\/AgeingSociety-300x200.jpg\" alt=\"\" width=\"300\" height=\"200\" srcset=\"https:\/\/blog.zhaw.ch\/forschungssupport\/files\/2020\/05\/AgeingSociety-300x200.jpg 300w, https:\/\/blog.zhaw.ch\/forschungssupport\/files\/2020\/05\/AgeingSociety-1024x683.jpg 1024w, https:\/\/blog.zhaw.ch\/forschungssupport\/files\/2020\/05\/AgeingSociety-768x512.jpg 768w, https:\/\/blog.zhaw.ch\/forschungssupport\/files\/2020\/05\/AgeingSociety-1536x1024.jpg 1536w, https:\/\/blog.zhaw.ch\/forschungssupport\/files\/2020\/05\/AgeingSociety-2048x1365.jpg 2048w, https:\/\/blog.zhaw.ch\/forschungssupport\/files\/2020\/05\/AgeingSociety-676x451.jpg 676w\" sizes=\"auto, (max-width: 300px) 100vw, 300px\" \/><\/a>Wie bereits im <a href=\"https:\/\/zhaw.inx.ch\/inxmail55\/jsp\/archiv_fe.jsp?mail=32077&amp;w=display\">F&amp;E-Newsletter vom Dezember 2019<\/a> zu lesen war, hat sich an der ZHAW im Rahmen der Mitgliedschaft im Netzwerk \u00ab<a href=\"https:\/\/ageingsociety.ch\/de\" target=\"_blank\" rel=\"noopener\">a+ Swiss Platform Ageing Society<\/a>\u00bb der Akademien der Wissenschaften Schweiz sowie hinsichtlich der begonnenen \u00ab<a href=\"https:\/\/www.who.int\/ageing\/decade-of-healthy-ageing\">WHO Decade on Healthy Ageing<\/a>\u00bb eine interdepartementale Arbeitsgruppe gebildet, welche w\u00e4hrend der WHO-Dekade die ZHAW-interne Vernetzung sowie die Informationsfl\u00fcsse koordiniert und sicherstellt. Die Gruppe hat Anfang dieses Jahres nun ihre Arbeit aufgenommen.<\/p>\n<p><!--more--><\/p>\n<p><strong>Interdepartementale Arbeitsgruppe a+<\/strong><\/p>\n<p>Im Januar 2020 hat die interdepartementale Arbeitsgruppe a+ ihre Arbeit aufgenommen. Zurzeit geh\u00f6ren der Gruppe die folgenden Personen an: Isabel Baumann (Departement Gesundheit, Koordinatorin), Ulla Kleinberger (Angewandte Linguistik), Beate Schwarz (Angewandte Psychologie), Petra Hodgson (Life Sciences und Facility Management), Rainer Gabriel (Soziale Arbeit), Daniel Baumgartner (School of Engineering), Andri F\u00e4rber, Martina Filippo, Daniel Greber, Flurina Meier und Claudia Sidler-Brand (alle School of Management and Law). Die genannten Forschenden sind bei der Plattform offiziell als <a href=\"https:\/\/ageingsociety.ch\/de\/uber-uns\/partnerorganisationen\/fachhochschulen\/\">Kontaktpersonen<\/a> registriert. Interessierte Vertreter\/innen aus dem Departement Architektur, Gestaltung und Bauingenieurwesen, das bisher nicht vertreten ist, k\u00f6nnen sich gerne bei der Koordinatorin der Gruppe, <a href=\"https:\/\/www.zhaw.ch\/de\/ueber-uns\/person\/bams\/\">Isabel Baumann<\/a>, melden.<\/p>\n<p>Die Mitglieder dieser Arbeitsgruppe a+ tauschen sich regelm\u00e4ssig aus und stellen zudem sicher, dass die ZHAW an der halbj\u00e4hrlichen Plenarversammlung der Plattform vertreten ist. Die Protokolle dieser Versammlungen sind jeweils in der <a href=\"https:\/\/collab.zhaw.ch\/Kooperation\/4462\/SitePages\/Home.aspx\">Collab<\/a> (nur intern) zu finden.<\/p>\n<p><strong>Nationale Tagung im November 2021<\/strong><\/p>\n<p>Am 16. November 2021 organisiert die Plattform die Tagung <strong>\u00ab<\/strong><a href=\"https:\/\/www.sagw.ch\/sagw\/aktuell\/agenda\/veranstaltungsdetails\/events\/detail\/altersfreundliche-umgebungen-integrierte-wohn-und-sozialraeume-als-chance-fuer-alle\/\"><strong>Altersfreundliche Umgebungen: integrierte Wohn- und Sozialr\u00e4ume als Chance f\u00fcr alle!<\/strong><\/a><strong>\u00bb<\/strong>. Alle Mitarbeitenden der ZHAW, die an Projekten mit Bezug zum Thema arbeiten, sind zur Teilnahme eingeladen.<\/p>\n<p><strong>Weitere Informationen:<\/strong><\/p>\n<ul>\n<li><a href=\"https:\/\/ageingsociety.ch\/de\">Webseite a+ Swiss Platform Ageing Society<\/a><\/li>\n<li><a href=\"https:\/\/intra.zhaw.ch\/forschung-dl-wb\/forschung-entwicklung\/strategische-mitgliedschaften\/a-swiss-platform-ageing-society\/\">Intranetseite<\/a> und <a href=\"https:\/\/collab.zhaw.ch\/Kooperation\/4462\/SitePages\/Home.aspx\">Collab<\/a> (interne Links) der interdepartementalen Arbeitsgruppe der ZHAW<\/li>\n<li>Tagung \u00ab<a href=\"https:\/\/www.sagw.ch\/sagw\/aktuell\/agenda\/veranstaltungsdetails\/events\/detail\/altersfreundliche-umgebungen-integrierte-wohn-und-sozialraeume-als-chance-fuer-alle\/\">Altersfreundliche Umgebungen: integrierte Wohn- und Sozialr\u00e4ume als Chance f\u00fcr alle!<\/a>\u00bb<\/li>\n<\/ul>\n\n\n<p><\/p>\n<div class=\"pt-sm\">Schlagw\u00f6rter: <a href=\"https:\/\/blog.zhaw.ch\/forschungssupport\/tag\/a-swis-platform-ageing-society\/\">a+ Swis Platform Ageing Society<\/a>, <a href=\"https:\/\/blog.zhaw.ch\/forschungssupport\/tag\/arbeitsgruppe\/\">Arbeitsgruppe<\/a>, <a href=\"https:\/\/blog.zhaw.ch\/forschungssupport\/tag\/decade-on-healthy-ageing\/\">Decade on Healthy Ageing<\/a>, <a href=\"https:\/\/blog.zhaw.ch\/forschungssupport\/tag\/who\/\">WHO<\/a><br><\/div>","protected":false},"excerpt":{"rendered":"<p>Wie bereits im F&amp;E-Newsletter vom Dezember 2019 zu lesen war, hat sich an der ZHAW im Rahmen der Mitgliedschaft im Netzwerk \u00aba+ Swiss Platform Ageing Society\u00bb der Akademien der Wissenschaften Schweiz sowie hinsichtlich der begonnenen \u00abWHO Decade on Healthy Ageing\u00bb eine interdepartementale Arbeitsgruppe gebildet, welche w\u00e4hrend der WHO-Dekade die ZHAW-interne Vernetzung sowie die Informationsfl\u00fcsse koordiniert [&hellip;]<\/p>\n","protected":false},"author":225,"featured_media":0,"comment_status":"open","ping_status":"open","sticky":false,"template":"","format":"standard","meta":{"ngg_post_thumbnail":0,"footnotes":""},"categories":[275,872,8,16],"tags":[2001,2004,2003,2002],"features":[],"class_list":["post-11528","post","type-post","status-publish","format-standard","hentry","category-best-practice","category-gesellschaftliche-integration","category-internationales","category-veranstaltungen-extern","tag-a-swis-platform-ageing-society","tag-arbeitsgruppe","tag-decade-on-healthy-ageing","tag-who"],"yoast_head":"<!-- This site is optimized with the Yoast SEO Premium plugin v27.2 (Yoast SEO v27.2) - https:\/\/yoast.com\/product\/yoast-seo-premium-wordpress\/ -->\n<title>Interdepartementale Arbeitsgruppe a+ hat ihre Arbeit aufgenommen - Blog f\u00fcr Forschung und Entwicklung<\/title>\n<meta name=\"robots\" content=\"index, follow, max-snippet:-1, max-image-preview:large, max-video-preview:-1\" \/>\n<link rel=\"canonical\" href=\"https:\/\/blog.zhaw.ch\/forschungssupport\/interdepartementale-arbeitsgruppe-a-hat-ihre-arbeit-aufgenommen\/\" \/>\n<meta property=\"og:locale\" content=\"de_DE\" \/>\n<meta property=\"og:type\" content=\"article\" \/>\n<meta property=\"og:title\" content=\"Interdepartementale Arbeitsgruppe a+ hat ihre Arbeit aufgenommen\" \/>\n<meta property=\"og:description\" content=\"Wie bereits im F&amp;E-Newsletter vom Dezember 2019 zu lesen war, hat sich an der ZHAW im Rahmen der Mitgliedschaft im Netzwerk \u00aba+ Swiss Platform Ageing Society\u00bb der Akademien der Wissenschaften Schweiz sowie hinsichtlich der begonnenen \u00abWHO Decade on Healthy Ageing\u00bb eine interdepartementale Arbeitsgruppe gebildet, welche w\u00e4hrend der WHO-Dekade die ZHAW-interne Vernetzung sowie die Informationsfl\u00fcsse koordiniert [&hellip;]\" \/>\n<meta property=\"og:url\" content=\"https:\/\/blog.zhaw.ch\/forschungssupport\/interdepartementale-arbeitsgruppe-a-hat-ihre-arbeit-aufgenommen\/\" \/>\n<meta property=\"og:site_name\" content=\"Blog f\u00fcr Forschung und Entwicklung\" \/>\n<meta property=\"article:published_time\" content=\"2020-06-15T05:36:36+00:00\" \/>\n<meta property=\"article:modified_time\" content=\"2021-12-21T14:06:19+00:00\" \/>\n<meta property=\"og:image\" content=\"https:\/\/blog.zhaw.ch\/forschungssupport\/files\/2020\/05\/AgeingSociety-300x200.jpg\" \/>\n<meta name=\"author\" content=\"Ressort Forschung &amp; Entwicklung \/ Dienstleistung\" \/>\n<meta name=\"twitter:card\" content=\"summary_large_image\" \/>\n<meta name=\"twitter:label1\" content=\"Verfasst von\" \/>\n\t<meta name=\"twitter:data1\" content=\"Ressort Forschung &amp; Entwicklung \/ Dienstleistung\" \/>\n\t<meta name=\"twitter:label2\" content=\"Gesch\u00e4tzte Lesezeit\" \/>\n\t<meta name=\"twitter:data2\" content=\"1\u00a0Minute\" \/>\n<script type=\"application\/ld+json\" class=\"yoast-schema-graph\">{\"@context\":\"https:\/\/schema.org\",\"@graph\":[{\"@type\":\"Article\",\"@id\":\"https:\/\/blog.zhaw.ch\/forschungssupport\/interdepartementale-arbeitsgruppe-a-hat-ihre-arbeit-aufgenommen\/#article\",\"isPartOf\":{\"@id\":\"https:\/\/blog.zhaw.ch\/forschungssupport\/interdepartementale-arbeitsgruppe-a-hat-ihre-arbeit-aufgenommen\/\"},\"author\":{\"name\":\"Ressort Forschung &amp; Entwicklung \/ Dienstleistung\",\"@id\":\"https:\/\/blog.zhaw.ch\/forschungssupport\/#\/schema\/person\/6ea6b82c4daeab21a15ab0b34a4b9e11\"},\"headline\":\"Interdepartementale Arbeitsgruppe a+ hat ihre Arbeit aufgenommen\",\"datePublished\":\"2020-06-15T05:36:36+00:00\",\"dateModified\":\"2021-12-21T14:06:19+00:00\",\"mainEntityOfPage\":{\"@id\":\"https:\/\/blog.zhaw.ch\/forschungssupport\/interdepartementale-arbeitsgruppe-a-hat-ihre-arbeit-aufgenommen\/\"},\"wordCount\":293,\"commentCount\":0,\"image\":{\"@id\":\"https:\/\/blog.zhaw.ch\/forschungssupport\/interdepartementale-arbeitsgruppe-a-hat-ihre-arbeit-aufgenommen\/#primaryimage\"},\"thumbnailUrl\":\"https:\/\/blog.zhaw.ch\/forschungssupport\/files\/2020\/05\/AgeingSociety-300x200.jpg\",\"keywords\":[\"a+ Swis Platform Ageing Society\",\"Arbeitsgruppe\",\"Decade on Healthy Ageing\",\"WHO\"],\"articleSection\":[\"Best practice\",\"Gesellschaftliche Integration\",\"Internationales\",\"Veranstaltungen extern\"],\"inLanguage\":\"de\",\"potentialAction\":[{\"@type\":\"CommentAction\",\"name\":\"Comment\",\"target\":[\"https:\/\/blog.zhaw.ch\/forschungssupport\/interdepartementale-arbeitsgruppe-a-hat-ihre-arbeit-aufgenommen\/#respond\"]}]},{\"@type\":\"WebPage\",\"@id\":\"https:\/\/blog.zhaw.ch\/forschungssupport\/interdepartementale-arbeitsgruppe-a-hat-ihre-arbeit-aufgenommen\/\",\"url\":\"https:\/\/blog.zhaw.ch\/forschungssupport\/interdepartementale-arbeitsgruppe-a-hat-ihre-arbeit-aufgenommen\/\",\"name\":\"Interdepartementale Arbeitsgruppe a+ hat ihre Arbeit aufgenommen - Blog f\u00fcr Forschung und Entwicklung\",\"isPartOf\":{\"@id\":\"https:\/\/blog.zhaw.ch\/forschungssupport\/#website\"},\"primaryImageOfPage\":{\"@id\":\"https:\/\/blog.zhaw.ch\/forschungssupport\/interdepartementale-arbeitsgruppe-a-hat-ihre-arbeit-aufgenommen\/#primaryimage\"},\"image\":{\"@id\":\"https:\/\/blog.zhaw.ch\/forschungssupport\/interdepartementale-arbeitsgruppe-a-hat-ihre-arbeit-aufgenommen\/#primaryimage\"},\"thumbnailUrl\":\"https:\/\/blog.zhaw.ch\/forschungssupport\/files\/2020\/05\/AgeingSociety-300x200.jpg\",\"datePublished\":\"2020-06-15T05:36:36+00:00\",\"dateModified\":\"2021-12-21T14:06:19+00:00\",\"author\":{\"@id\":\"https:\/\/blog.zhaw.ch\/forschungssupport\/#\/schema\/person\/6ea6b82c4daeab21a15ab0b34a4b9e11\"},\"breadcrumb\":{\"@id\":\"https:\/\/blog.zhaw.ch\/forschungssupport\/interdepartementale-arbeitsgruppe-a-hat-ihre-arbeit-aufgenommen\/#breadcrumb\"},\"inLanguage\":\"de\",\"potentialAction\":[{\"@type\":\"ReadAction\",\"target\":[\"https:\/\/blog.zhaw.ch\/forschungssupport\/interdepartementale-arbeitsgruppe-a-hat-ihre-arbeit-aufgenommen\/\"]}]},{\"@type\":\"ImageObject\",\"inLanguage\":\"de\",\"@id\":\"https:\/\/blog.zhaw.ch\/forschungssupport\/interdepartementale-arbeitsgruppe-a-hat-ihre-arbeit-aufgenommen\/#primaryimage\",\"url\":\"https:\/\/blog.zhaw.ch\/forschungssupport\/files\/2020\/05\/AgeingSociety-scaled.jpg\",\"contentUrl\":\"https:\/\/blog.zhaw.ch\/forschungssupport\/files\/2020\/05\/AgeingSociety-scaled.jpg\",\"width\":2560,\"height\":1707,\"caption\":\"Teaching grandfather how to use a laptop.\"},{\"@type\":\"BreadcrumbList\",\"@id\":\"https:\/\/blog.zhaw.ch\/forschungssupport\/interdepartementale-arbeitsgruppe-a-hat-ihre-arbeit-aufgenommen\/#breadcrumb\",\"itemListElement\":[{\"@type\":\"ListItem\",\"position\":1,\"name\":\"Startseite\",\"item\":\"https:\/\/blog.zhaw.ch\/forschungssupport\/\"},{\"@type\":\"ListItem\",\"position\":2,\"name\":\"Interdepartementale Arbeitsgruppe a+ hat ihre Arbeit aufgenommen\"}]},{\"@type\":\"WebSite\",\"@id\":\"https:\/\/blog.zhaw.ch\/forschungssupport\/#website\",\"url\":\"https:\/\/blog.zhaw.ch\/forschungssupport\/\",\"name\":\"Blog f\u00fcr Forschung und Entwicklung\",\"description\":\"Ein Blog der ZHAW Z\u00fcrcher Hochschule f\u00fcr Angewandte Wissenschaften\",\"potentialAction\":[{\"@type\":\"SearchAction\",\"target\":{\"@type\":\"EntryPoint\",\"urlTemplate\":\"https:\/\/blog.zhaw.ch\/forschungssupport\/?s={search_term_string}\"},\"query-input\":{\"@type\":\"PropertyValueSpecification\",\"valueRequired\":true,\"valueName\":\"search_term_string\"}}],\"inLanguage\":\"de\"},{\"@type\":\"Person\",\"@id\":\"https:\/\/blog.zhaw.ch\/forschungssupport\/#\/schema\/person\/6ea6b82c4daeab21a15ab0b34a4b9e11\",\"name\":\"Ressort Forschung &amp; Entwicklung \/ Dienstleistung\",\"image\":{\"@type\":\"ImageObject\",\"inLanguage\":\"de\",\"@id\":\"https:\/\/secure.gravatar.com\/avatar\/6efef433009bc493759ed6898e84e2ff29ad31ecffa98677e1d40a6a9d5d29cb?s=96&d=mm&r=g\",\"url\":\"https:\/\/secure.gravatar.com\/avatar\/6efef433009bc493759ed6898e84e2ff29ad31ecffa98677e1d40a6a9d5d29cb?s=96&d=mm&r=g\",\"contentUrl\":\"https:\/\/secure.gravatar.com\/avatar\/6efef433009bc493759ed6898e84e2ff29ad31ecffa98677e1d40a6a9d5d29cb?s=96&d=mm&r=g\",\"caption\":\"Ressort Forschung &amp; Entwicklung \/ Dienstleistung\"},\"url\":\"https:\/\/blog.zhaw.ch\/forschungssupport\/author\/bamr\/\"}]}<\/script>\n<!-- \/ Yoast SEO Premium plugin. -->","yoast_head_json":{"title":"Interdepartementale Arbeitsgruppe a+ hat ihre Arbeit aufgenommen - Blog f\u00fcr Forschung und Entwicklung","robots":{"index":"index","follow":"follow","max-snippet":"max-snippet:-1","max-image-preview":"max-image-preview:large","max-video-preview":"max-video-preview:-1"},"canonical":"https:\/\/blog.zhaw.ch\/forschungssupport\/interdepartementale-arbeitsgruppe-a-hat-ihre-arbeit-aufgenommen\/","og_locale":"de_DE","og_type":"article","og_title":"Interdepartementale Arbeitsgruppe a+ hat ihre Arbeit aufgenommen","og_description":"Wie bereits im F&amp;E-Newsletter vom Dezember 2019 zu lesen war, hat sich an der ZHAW im Rahmen der Mitgliedschaft im Netzwerk \u00aba+ Swiss Platform Ageing Society\u00bb der Akademien der Wissenschaften Schweiz sowie hinsichtlich der begonnenen \u00abWHO Decade on Healthy Ageing\u00bb eine interdepartementale Arbeitsgruppe gebildet, welche w\u00e4hrend der WHO-Dekade die ZHAW-interne Vernetzung sowie die Informationsfl\u00fcsse koordiniert [&hellip;]","og_url":"https:\/\/blog.zhaw.ch\/forschungssupport\/interdepartementale-arbeitsgruppe-a-hat-ihre-arbeit-aufgenommen\/","og_site_name":"Blog f\u00fcr Forschung und Entwicklung","article_published_time":"2020-06-15T05:36:36+00:00","article_modified_time":"2021-12-21T14:06:19+00:00","og_image":[{"url":"https:\/\/blog.zhaw.ch\/forschungssupport\/files\/2020\/05\/AgeingSociety-300x200.jpg","type":"","width":"","height":""}],"author":"Ressort Forschung &amp; Entwicklung \/ Dienstleistung","twitter_card":"summary_large_image","twitter_misc":{"Verfasst von":"Ressort Forschung &amp; Entwicklung \/ Dienstleistung","Gesch\u00e4tzte Lesezeit":"1\u00a0Minute"},"schema":{"@context":"https:\/\/schema.org","@graph":[{"@type":"Article","@id":"https:\/\/blog.zhaw.ch\/forschungssupport\/interdepartementale-arbeitsgruppe-a-hat-ihre-arbeit-aufgenommen\/#article","isPartOf":{"@id":"https:\/\/blog.zhaw.ch\/forschungssupport\/interdepartementale-arbeitsgruppe-a-hat-ihre-arbeit-aufgenommen\/"},"author":{"name":"Ressort Forschung &amp; Entwicklung \/ Dienstleistung","@id":"https:\/\/blog.zhaw.ch\/forschungssupport\/#\/schema\/person\/6ea6b82c4daeab21a15ab0b34a4b9e11"},"headline":"Interdepartementale Arbeitsgruppe a+ hat ihre Arbeit aufgenommen","datePublished":"2020-06-15T05:36:36+00:00","dateModified":"2021-12-21T14:06:19+00:00","mainEntityOfPage":{"@id":"https:\/\/blog.zhaw.ch\/forschungssupport\/interdepartementale-arbeitsgruppe-a-hat-ihre-arbeit-aufgenommen\/"},"wordCount":293,"commentCount":0,"image":{"@id":"https:\/\/blog.zhaw.ch\/forschungssupport\/interdepartementale-arbeitsgruppe-a-hat-ihre-arbeit-aufgenommen\/#primaryimage"},"thumbnailUrl":"https:\/\/blog.zhaw.ch\/forschungssupport\/files\/2020\/05\/AgeingSociety-300x200.jpg","keywords":["a+ Swis Platform Ageing Society","Arbeitsgruppe","Decade on Healthy Ageing","WHO"],"articleSection":["Best practice","Gesellschaftliche Integration","Internationales","Veranstaltungen extern"],"inLanguage":"de","potentialAction":[{"@type":"CommentAction","name":"Comment","target":["https:\/\/blog.zhaw.ch\/forschungssupport\/interdepartementale-arbeitsgruppe-a-hat-ihre-arbeit-aufgenommen\/#respond"]}]},{"@type":"WebPage","@id":"https:\/\/blog.zhaw.ch\/forschungssupport\/interdepartementale-arbeitsgruppe-a-hat-ihre-arbeit-aufgenommen\/","url":"https:\/\/blog.zhaw.ch\/forschungssupport\/interdepartementale-arbeitsgruppe-a-hat-ihre-arbeit-aufgenommen\/","name":"Interdepartementale Arbeitsgruppe a+ hat ihre Arbeit aufgenommen - Blog f\u00fcr Forschung und Entwicklung","isPartOf":{"@id":"https:\/\/blog.zhaw.ch\/forschungssupport\/#website"},"primaryImageOfPage":{"@id":"https:\/\/blog.zhaw.ch\/forschungssupport\/interdepartementale-arbeitsgruppe-a-hat-ihre-arbeit-aufgenommen\/#primaryimage"},"image":{"@id":"https:\/\/blog.zhaw.ch\/forschungssupport\/interdepartementale-arbeitsgruppe-a-hat-ihre-arbeit-aufgenommen\/#primaryimage"},"thumbnailUrl":"https:\/\/blog.zhaw.ch\/forschungssupport\/files\/2020\/05\/AgeingSociety-300x200.jpg","datePublished":"2020-06-15T05:36:36+00:00","dateModified":"2021-12-21T14:06:19+00:00","author":{"@id":"https:\/\/blog.zhaw.ch\/forschungssupport\/#\/schema\/person\/6ea6b82c4daeab21a15ab0b34a4b9e11"},"breadcrumb":{"@id":"https:\/\/blog.zhaw.ch\/forschungssupport\/interdepartementale-arbeitsgruppe-a-hat-ihre-arbeit-aufgenommen\/#breadcrumb"},"inLanguage":"de","potentialAction":[{"@type":"ReadAction","target":["https:\/\/blog.zhaw.ch\/forschungssupport\/interdepartementale-arbeitsgruppe-a-hat-ihre-arbeit-aufgenommen\/"]}]},{"@type":"ImageObject","inLanguage":"de","@id":"https:\/\/blog.zhaw.ch\/forschungssupport\/interdepartementale-arbeitsgruppe-a-hat-ihre-arbeit-aufgenommen\/#primaryimage","url":"https:\/\/blog.zhaw.ch\/forschungssupport\/files\/2020\/05\/AgeingSociety-scaled.jpg","contentUrl":"https:\/\/blog.zhaw.ch\/forschungssupport\/files\/2020\/05\/AgeingSociety-scaled.jpg","width":2560,"height":1707,"caption":"Teaching grandfather how to use a laptop."},{"@type":"BreadcrumbList","@id":"https:\/\/blog.zhaw.ch\/forschungssupport\/interdepartementale-arbeitsgruppe-a-hat-ihre-arbeit-aufgenommen\/#breadcrumb","itemListElement":[{"@type":"ListItem","position":1,"name":"Startseite","item":"https:\/\/blog.zhaw.ch\/forschungssupport\/"},{"@type":"ListItem","position":2,"name":"Interdepartementale Arbeitsgruppe a+ hat ihre Arbeit aufgenommen"}]},{"@type":"WebSite","@id":"https:\/\/blog.zhaw.ch\/forschungssupport\/#website","url":"https:\/\/blog.zhaw.ch\/forschungssupport\/","name":"Blog f\u00fcr Forschung und Entwicklung","description":"Ein Blog der ZHAW Z\u00fcrcher Hochschule f\u00fcr Angewandte Wissenschaften","potentialAction":[{"@type":"SearchAction","target":{"@type":"EntryPoint","urlTemplate":"https:\/\/blog.zhaw.ch\/forschungssupport\/?s={search_term_string}"},"query-input":{"@type":"PropertyValueSpecification","valueRequired":true,"valueName":"search_term_string"}}],"inLanguage":"de"},{"@type":"Person","@id":"https:\/\/blog.zhaw.ch\/forschungssupport\/#\/schema\/person\/6ea6b82c4daeab21a15ab0b34a4b9e11","name":"Ressort Forschung &amp; Entwicklung \/ Dienstleistung","image":{"@type":"ImageObject","inLanguage":"de","@id":"https:\/\/secure.gravatar.com\/avatar\/6efef433009bc493759ed6898e84e2ff29ad31ecffa98677e1d40a6a9d5d29cb?s=96&d=mm&r=g","url":"https:\/\/secure.gravatar.com\/avatar\/6efef433009bc493759ed6898e84e2ff29ad31ecffa98677e1d40a6a9d5d29cb?s=96&d=mm&r=g","contentUrl":"https:\/\/secure.gravatar.com\/avatar\/6efef433009bc493759ed6898e84e2ff29ad31ecffa98677e1d40a6a9d5d29cb?s=96&d=mm&r=g","caption":"Ressort Forschung &amp; Entwicklung \/ Dienstleistung"},"url":"https:\/\/blog.zhaw.ch\/forschungssupport\/author\/bamr\/"}]}},"_links":{"self":[{"href":"https:\/\/blog.zhaw.ch\/forschungssupport\/wp-json\/wp\/v2\/posts\/11528","targetHints":{"allow":["GET"]}}],"collection":[{"href":"https:\/\/blog.zhaw.ch\/forschungssupport\/wp-json\/wp\/v2\/posts"}],"about":[{"href":"https:\/\/blog.zhaw.ch\/forschungssupport\/wp-json\/wp\/v2\/types\/post"}],"author":[{"embeddable":true,"href":"https:\/\/blog.zhaw.ch\/forschungssupport\/wp-json\/wp\/v2\/users\/225"}],"replies":[{"embeddable":true,"href":"https:\/\/blog.zhaw.ch\/forschungssupport\/wp-json\/wp\/v2\/comments?post=11528"}],"version-history":[{"count":9,"href":"https:\/\/blog.zhaw.ch\/forschungssupport\/wp-json\/wp\/v2\/posts\/11528\/revisions"}],"predecessor-version":[{"id":12733,"href":"https:\/\/blog.zhaw.ch\/forschungssupport\/wp-json\/wp\/v2\/posts\/11528\/revisions\/12733"}],"wp:attachment":[{"href":"https:\/\/blog.zhaw.ch\/forschungssupport\/wp-json\/wp\/v2\/media?parent=11528"}],"wp:term":[{"taxonomy":"category","embeddable":true,"href":"https:\/\/blog.zhaw.ch\/forschungssupport\/wp-json\/wp\/v2\/categories?post=11528"},{"taxonomy":"post_tag","embeddable":true,"href":"https:\/\/blog.zhaw.ch\/forschungssupport\/wp-json\/wp\/v2\/tags?post=11528"},{"taxonomy":"features","embeddable":true,"href":"https:\/\/blog.zhaw.ch\/forschungssupport\/wp-json\/wp\/v2\/features?post=11528"}],"curies":[{"name":"wp","href":"https:\/\/api.w.org\/{rel}","templated":true}]}}