{"id":234,"date":"2015-01-20T13:13:24","date_gmt":"2015-01-20T12:13:24","guid":{"rendered":"http:\/\/blog.zhaw.ch\/cie\/?p=234"},"modified":"2015-01-20T13:19:25","modified_gmt":"2015-01-20T12:19:25","slug":"foerderung-fuer-social-entreprises-in-der-gruendungsphase","status":"publish","type":"post","link":"https:\/\/blog.zhaw.ch\/entrepreneurship\/foerderung-fuer-social-entreprises-in-der-gruendungsphase\/","title":{"rendered":"F\u00f6rderung f\u00fcr Social Entreprises in der Gr\u00fcndungsphase"},"content":{"rendered":"<p><a title=\"SEIF BUSINESS CREATION\" href=\"http:\/\/www.seif.org\" target=\"_blank\"><img loading=\"lazy\" decoding=\"async\" class=\"alignnone wp-image-235\" src=\"http:\/\/blog.zhaw.ch\/entrepreneurship\/files\/2015\/01\/Bildschirmfoto-2015-01-20-um-13.10.59-300x152.png\" alt=\"Bildschirmfoto 2015-01-20 um 13.10.59\" width=\"131\" height=\"70\" \/><\/a><\/p>\n<p>Das Seminar <em>Business Creation for Social Entrepreneurship<\/em> von <strong>seif<\/strong> findet am <strong>12., 13., 26., 26. M\u00e4rz und 10. April<\/strong><strong> 2015<\/strong> in Bern statt.<\/p>\n<p>Das 5-t\u00e4gige Seminar richtet sich an Menschen mit innovativen Ideen f\u00fcr ein Social Enterprise und\u00a0 behandelt <strong>wesentliche Themen der Startphase von Social Entrepreneurs<\/strong> wie Business Modelling, Marketing &amp; Kommunikation sowie Finanzierungsquellen &#8211; und strategien.<\/p>\n<p>Anmeldung \u00fcber <a title=\"Seif\" href=\"http:\/\/www.seif.org\" target=\"_blank\">http:\/\/www.seif.org<\/a><\/p>\n","protected":false},"excerpt":{"rendered":"<p>Das Seminar Business Creation for Social Entrepreneurship von seif findet am 12., 13., 26., 26. M\u00e4rz und 10. April 2015 in Bern statt. Das 5-t\u00e4gige Seminar richtet sich an Menschen mit innovativen Ideen f\u00fcr ein Social Enterprise und\u00a0 behandelt wesentliche Themen der Startphase von Social Entrepreneurs wie Business Modelling, Marketing &amp; Kommunikation sowie Finanzierungsquellen &#8211; [&hellip;]<\/p>\n","protected":false},"author":34,"featured_media":0,"comment_status":"open","ping_status":"open","sticky":false,"template":"","format":"standard","meta":{"ngg_post_thumbnail":0,"footnotes":""},"categories":[10,4],"tags":[],"features":[],"class_list":["post-234","post","type-post","status-publish","format-standard","hentry","category-entrepreneurial-skills","category-events"],"yoast_head":"<!-- This site is optimized with the Yoast SEO Premium plugin v27.2 (Yoast SEO v27.2) - https:\/\/yoast.com\/product\/yoast-seo-premium-wordpress\/ -->\n<title>F\u00f6rderung f\u00fcr Social Entreprises in der Gr\u00fcndungsphase - Entrepreneurship\u00ad@zhaw Blog<\/title>\n<meta name=\"robots\" content=\"index, follow, max-snippet:-1, max-image-preview:large, max-video-preview:-1\" \/>\n<link rel=\"canonical\" href=\"https:\/\/blog.zhaw.ch\/entrepreneurship\/foerderung-fuer-social-entreprises-in-der-gruendungsphase\/\" \/>\n<meta property=\"og:locale\" content=\"de_DE\" \/>\n<meta property=\"og:type\" content=\"article\" \/>\n<meta property=\"og:title\" content=\"F\u00f6rderung f\u00fcr Social Entreprises in der Gr\u00fcndungsphase\" \/>\n<meta property=\"og:description\" content=\"Das Seminar Business Creation for Social Entrepreneurship von seif findet am 12., 13., 26., 26. M\u00e4rz und 10. April 2015 in Bern statt. Das 5-t\u00e4gige Seminar richtet sich an Menschen mit innovativen Ideen f\u00fcr ein Social Enterprise und\u00a0 behandelt wesentliche Themen der Startphase von Social Entrepreneurs wie Business Modelling, Marketing &amp; Kommunikation sowie Finanzierungsquellen &#8211; [&hellip;]\" \/>\n<meta property=\"og:url\" content=\"https:\/\/blog.zhaw.ch\/entrepreneurship\/foerderung-fuer-social-entreprises-in-der-gruendungsphase\/\" \/>\n<meta property=\"og:site_name\" content=\"Entrepreneurship\u00ad@zhaw Blog\" \/>\n<meta property=\"article:published_time\" content=\"2015-01-20T12:13:24+00:00\" \/>\n<meta property=\"article:modified_time\" content=\"2015-01-20T12:19:25+00:00\" \/>\n<meta property=\"og:image\" content=\"http:\/\/blog.zhaw.ch\/entrepreneurship\/files\/2015\/01\/Bildschirmfoto-2015-01-20-um-13.10.59-300x152.png\" \/>\n<meta name=\"author\" content=\"Adrian M\u00fcller\" \/>\n<meta name=\"twitter:card\" content=\"summary_large_image\" \/>\n<meta name=\"twitter:label1\" content=\"Verfasst von\" \/>\n\t<meta name=\"twitter:data1\" content=\"Adrian M\u00fcller\" \/>\n<script type=\"application\/ld+json\" class=\"yoast-schema-graph\">{\"@context\":\"https:\/\/schema.org\",\"@graph\":[{\"@type\":\"Article\",\"@id\":\"https:\/\/blog.zhaw.ch\/entrepreneurship\/foerderung-fuer-social-entreprises-in-der-gruendungsphase\/#article\",\"isPartOf\":{\"@id\":\"https:\/\/blog.zhaw.ch\/entrepreneurship\/foerderung-fuer-social-entreprises-in-der-gruendungsphase\/\"},\"author\":{\"name\":\"Adrian M\u00fcller\",\"@id\":\"https:\/\/blog.zhaw.ch\/entrepreneurship\/#\/schema\/person\/d1d767601fe3ef1b814f272524867709\"},\"headline\":\"F\u00f6rderung f\u00fcr Social Entreprises in der Gr\u00fcndungsphase\",\"datePublished\":\"2015-01-20T12:13:24+00:00\",\"dateModified\":\"2015-01-20T12:19:25+00:00\",\"mainEntityOfPage\":{\"@id\":\"https:\/\/blog.zhaw.ch\/entrepreneurship\/foerderung-fuer-social-entreprises-in-der-gruendungsphase\/\"},\"wordCount\":70,\"commentCount\":0,\"image\":{\"@id\":\"https:\/\/blog.zhaw.ch\/entrepreneurship\/foerderung-fuer-social-entreprises-in-der-gruendungsphase\/#primaryimage\"},\"thumbnailUrl\":\"http:\/\/blog.zhaw.ch\/entrepreneurship\/files\/2015\/01\/Bildschirmfoto-2015-01-20-um-13.10.59-300x152.png\",\"articleSection\":[\"Entrepreneurial Skills\",\"Events\"],\"inLanguage\":\"de\",\"potentialAction\":[{\"@type\":\"CommentAction\",\"name\":\"Comment\",\"target\":[\"https:\/\/blog.zhaw.ch\/entrepreneurship\/foerderung-fuer-social-entreprises-in-der-gruendungsphase\/#respond\"]}]},{\"@type\":\"WebPage\",\"@id\":\"https:\/\/blog.zhaw.ch\/entrepreneurship\/foerderung-fuer-social-entreprises-in-der-gruendungsphase\/\",\"url\":\"https:\/\/blog.zhaw.ch\/entrepreneurship\/foerderung-fuer-social-entreprises-in-der-gruendungsphase\/\",\"name\":\"F\u00f6rderung f\u00fcr Social Entreprises in der Gr\u00fcndungsphase - Entrepreneurship\u00ad@zhaw Blog\",\"isPartOf\":{\"@id\":\"https:\/\/blog.zhaw.ch\/entrepreneurship\/#website\"},\"primaryImageOfPage\":{\"@id\":\"https:\/\/blog.zhaw.ch\/entrepreneurship\/foerderung-fuer-social-entreprises-in-der-gruendungsphase\/#primaryimage\"},\"image\":{\"@id\":\"https:\/\/blog.zhaw.ch\/entrepreneurship\/foerderung-fuer-social-entreprises-in-der-gruendungsphase\/#primaryimage\"},\"thumbnailUrl\":\"http:\/\/blog.zhaw.ch\/entrepreneurship\/files\/2015\/01\/Bildschirmfoto-2015-01-20-um-13.10.59-300x152.png\",\"datePublished\":\"2015-01-20T12:13:24+00:00\",\"dateModified\":\"2015-01-20T12:19:25+00:00\",\"author\":{\"@id\":\"https:\/\/blog.zhaw.ch\/entrepreneurship\/#\/schema\/person\/d1d767601fe3ef1b814f272524867709\"},\"breadcrumb\":{\"@id\":\"https:\/\/blog.zhaw.ch\/entrepreneurship\/foerderung-fuer-social-entreprises-in-der-gruendungsphase\/#breadcrumb\"},\"inLanguage\":\"de\",\"potentialAction\":[{\"@type\":\"ReadAction\",\"target\":[\"https:\/\/blog.zhaw.ch\/entrepreneurship\/foerderung-fuer-social-entreprises-in-der-gruendungsphase\/\"]}]},{\"@type\":\"ImageObject\",\"inLanguage\":\"de\",\"@id\":\"https:\/\/blog.zhaw.ch\/entrepreneurship\/foerderung-fuer-social-entreprises-in-der-gruendungsphase\/#primaryimage\",\"url\":\"http:\/\/blog.zhaw.ch\/entrepreneurship\/files\/2015\/01\/Bildschirmfoto-2015-01-20-um-13.10.59-300x152.png\",\"contentUrl\":\"http:\/\/blog.zhaw.ch\/entrepreneurship\/files\/2015\/01\/Bildschirmfoto-2015-01-20-um-13.10.59-300x152.png\"},{\"@type\":\"BreadcrumbList\",\"@id\":\"https:\/\/blog.zhaw.ch\/entrepreneurship\/foerderung-fuer-social-entreprises-in-der-gruendungsphase\/#breadcrumb\",\"itemListElement\":[{\"@type\":\"ListItem\",\"position\":1,\"name\":\"Startseite\",\"item\":\"https:\/\/blog.zhaw.ch\/entrepreneurship\/\"},{\"@type\":\"ListItem\",\"position\":2,\"name\":\"F\u00f6rderung f\u00fcr Social Entreprises in der Gr\u00fcndungsphase\"}]},{\"@type\":\"WebSite\",\"@id\":\"https:\/\/blog.zhaw.ch\/entrepreneurship\/#website\",\"url\":\"https:\/\/blog.zhaw.ch\/entrepreneurship\/\",\"name\":\"Entrepreneurship\u00ad@zhaw Blog\",\"description\":\"Ein Blog der ZHAW Z\u00fcrcher Hochschule f\u00fcr Angewandte Wissenschaften\",\"potentialAction\":[{\"@type\":\"SearchAction\",\"target\":{\"@type\":\"EntryPoint\",\"urlTemplate\":\"https:\/\/blog.zhaw.ch\/entrepreneurship\/?s={search_term_string}\"},\"query-input\":{\"@type\":\"PropertyValueSpecification\",\"valueRequired\":true,\"valueName\":\"search_term_string\"}}],\"inLanguage\":\"de\"},{\"@type\":\"Person\",\"@id\":\"https:\/\/blog.zhaw.ch\/entrepreneurship\/#\/schema\/person\/d1d767601fe3ef1b814f272524867709\",\"name\":\"Adrian M\u00fcller\",\"image\":{\"@type\":\"ImageObject\",\"inLanguage\":\"de\",\"@id\":\"https:\/\/blog.zhaw.ch\/entrepreneurship\/files\/2013\/11\/Signor-Rossi-150x150.jpg\",\"url\":\"https:\/\/blog.zhaw.ch\/entrepreneurship\/files\/2013\/11\/Signor-Rossi-150x150.jpg\",\"contentUrl\":\"https:\/\/blog.zhaw.ch\/entrepreneurship\/files\/2013\/11\/Signor-Rossi-150x150.jpg\",\"caption\":\"Adrian M\u00fcller\"},\"description\":\"Als Leiter des Centers for Innovation &amp; Entrepreneurship an der ZHAW School of Management &amp; Law forscht und lehrt Adrian M\u00fcller in den Bereichen Foresight, Entrepreneurship und Business Innovation. Adrian ist Start-Up Trainer im Programm \\\"CTI Entrepreneurship powered by Technopark Z\u00fcrich\\\" und Coach von Junggr\u00fcnderinnen und -gr\u00fcndern im Creative Business Accelerator der ZHAW. Zuvor arbeitete er als Strategie- und Organisationsberater und gr\u00fcndete er das Programm \\\"Trends\\\" im Master of Arts in Design der Z\u00fcrcher Hochschule der K\u00fcnste (ZHdK). Adrian promovierte \u00fcber Strategic Foresight am Lehrstuhl f\u00fcr Strategisches Management der Universit\u00e4t St.Gallen (HSG).\",\"sameAs\":[\"http:\/\/www.cie.zhaw.ch\"],\"url\":\"https:\/\/blog.zhaw.ch\/entrepreneurship\/author\/muad\/\"}]}<\/script>\n<!-- \/ Yoast SEO Premium plugin. -->","yoast_head_json":{"title":"F\u00f6rderung f\u00fcr Social Entreprises in der Gr\u00fcndungsphase - Entrepreneurship\u00ad@zhaw Blog","robots":{"index":"index","follow":"follow","max-snippet":"max-snippet:-1","max-image-preview":"max-image-preview:large","max-video-preview":"max-video-preview:-1"},"canonical":"https:\/\/blog.zhaw.ch\/entrepreneurship\/foerderung-fuer-social-entreprises-in-der-gruendungsphase\/","og_locale":"de_DE","og_type":"article","og_title":"F\u00f6rderung f\u00fcr Social Entreprises in der Gr\u00fcndungsphase","og_description":"Das Seminar Business Creation for Social Entrepreneurship von seif findet am 12., 13., 26., 26. M\u00e4rz und 10. April 2015 in Bern statt. Das 5-t\u00e4gige Seminar richtet sich an Menschen mit innovativen Ideen f\u00fcr ein Social Enterprise und\u00a0 behandelt wesentliche Themen der Startphase von Social Entrepreneurs wie Business Modelling, Marketing &amp; Kommunikation sowie Finanzierungsquellen &#8211; [&hellip;]","og_url":"https:\/\/blog.zhaw.ch\/entrepreneurship\/foerderung-fuer-social-entreprises-in-der-gruendungsphase\/","og_site_name":"Entrepreneurship\u00ad@zhaw Blog","article_published_time":"2015-01-20T12:13:24+00:00","article_modified_time":"2015-01-20T12:19:25+00:00","og_image":[{"url":"http:\/\/blog.zhaw.ch\/entrepreneurship\/files\/2015\/01\/Bildschirmfoto-2015-01-20-um-13.10.59-300x152.png","type":"","width":"","height":""}],"author":"Adrian M\u00fcller","twitter_card":"summary_large_image","twitter_misc":{"Verfasst von":"Adrian M\u00fcller"},"schema":{"@context":"https:\/\/schema.org","@graph":[{"@type":"Article","@id":"https:\/\/blog.zhaw.ch\/entrepreneurship\/foerderung-fuer-social-entreprises-in-der-gruendungsphase\/#article","isPartOf":{"@id":"https:\/\/blog.zhaw.ch\/entrepreneurship\/foerderung-fuer-social-entreprises-in-der-gruendungsphase\/"},"author":{"name":"Adrian M\u00fcller","@id":"https:\/\/blog.zhaw.ch\/entrepreneurship\/#\/schema\/person\/d1d767601fe3ef1b814f272524867709"},"headline":"F\u00f6rderung f\u00fcr Social Entreprises in der Gr\u00fcndungsphase","datePublished":"2015-01-20T12:13:24+00:00","dateModified":"2015-01-20T12:19:25+00:00","mainEntityOfPage":{"@id":"https:\/\/blog.zhaw.ch\/entrepreneurship\/foerderung-fuer-social-entreprises-in-der-gruendungsphase\/"},"wordCount":70,"commentCount":0,"image":{"@id":"https:\/\/blog.zhaw.ch\/entrepreneurship\/foerderung-fuer-social-entreprises-in-der-gruendungsphase\/#primaryimage"},"thumbnailUrl":"http:\/\/blog.zhaw.ch\/entrepreneurship\/files\/2015\/01\/Bildschirmfoto-2015-01-20-um-13.10.59-300x152.png","articleSection":["Entrepreneurial Skills","Events"],"inLanguage":"de","potentialAction":[{"@type":"CommentAction","name":"Comment","target":["https:\/\/blog.zhaw.ch\/entrepreneurship\/foerderung-fuer-social-entreprises-in-der-gruendungsphase\/#respond"]}]},{"@type":"WebPage","@id":"https:\/\/blog.zhaw.ch\/entrepreneurship\/foerderung-fuer-social-entreprises-in-der-gruendungsphase\/","url":"https:\/\/blog.zhaw.ch\/entrepreneurship\/foerderung-fuer-social-entreprises-in-der-gruendungsphase\/","name":"F\u00f6rderung f\u00fcr Social Entreprises in der Gr\u00fcndungsphase - Entrepreneurship\u00ad@zhaw Blog","isPartOf":{"@id":"https:\/\/blog.zhaw.ch\/entrepreneurship\/#website"},"primaryImageOfPage":{"@id":"https:\/\/blog.zhaw.ch\/entrepreneurship\/foerderung-fuer-social-entreprises-in-der-gruendungsphase\/#primaryimage"},"image":{"@id":"https:\/\/blog.zhaw.ch\/entrepreneurship\/foerderung-fuer-social-entreprises-in-der-gruendungsphase\/#primaryimage"},"thumbnailUrl":"http:\/\/blog.zhaw.ch\/entrepreneurship\/files\/2015\/01\/Bildschirmfoto-2015-01-20-um-13.10.59-300x152.png","datePublished":"2015-01-20T12:13:24+00:00","dateModified":"2015-01-20T12:19:25+00:00","author":{"@id":"https:\/\/blog.zhaw.ch\/entrepreneurship\/#\/schema\/person\/d1d767601fe3ef1b814f272524867709"},"breadcrumb":{"@id":"https:\/\/blog.zhaw.ch\/entrepreneurship\/foerderung-fuer-social-entreprises-in-der-gruendungsphase\/#breadcrumb"},"inLanguage":"de","potentialAction":[{"@type":"ReadAction","target":["https:\/\/blog.zhaw.ch\/entrepreneurship\/foerderung-fuer-social-entreprises-in-der-gruendungsphase\/"]}]},{"@type":"ImageObject","inLanguage":"de","@id":"https:\/\/blog.zhaw.ch\/entrepreneurship\/foerderung-fuer-social-entreprises-in-der-gruendungsphase\/#primaryimage","url":"http:\/\/blog.zhaw.ch\/entrepreneurship\/files\/2015\/01\/Bildschirmfoto-2015-01-20-um-13.10.59-300x152.png","contentUrl":"http:\/\/blog.zhaw.ch\/entrepreneurship\/files\/2015\/01\/Bildschirmfoto-2015-01-20-um-13.10.59-300x152.png"},{"@type":"BreadcrumbList","@id":"https:\/\/blog.zhaw.ch\/entrepreneurship\/foerderung-fuer-social-entreprises-in-der-gruendungsphase\/#breadcrumb","itemListElement":[{"@type":"ListItem","position":1,"name":"Startseite","item":"https:\/\/blog.zhaw.ch\/entrepreneurship\/"},{"@type":"ListItem","position":2,"name":"F\u00f6rderung f\u00fcr Social Entreprises in der Gr\u00fcndungsphase"}]},{"@type":"WebSite","@id":"https:\/\/blog.zhaw.ch\/entrepreneurship\/#website","url":"https:\/\/blog.zhaw.ch\/entrepreneurship\/","name":"Entrepreneurship\u00ad@zhaw Blog","description":"Ein Blog der ZHAW Z\u00fcrcher Hochschule f\u00fcr Angewandte Wissenschaften","potentialAction":[{"@type":"SearchAction","target":{"@type":"EntryPoint","urlTemplate":"https:\/\/blog.zhaw.ch\/entrepreneurship\/?s={search_term_string}"},"query-input":{"@type":"PropertyValueSpecification","valueRequired":true,"valueName":"search_term_string"}}],"inLanguage":"de"},{"@type":"Person","@id":"https:\/\/blog.zhaw.ch\/entrepreneurship\/#\/schema\/person\/d1d767601fe3ef1b814f272524867709","name":"Adrian M\u00fcller","image":{"@type":"ImageObject","inLanguage":"de","@id":"https:\/\/blog.zhaw.ch\/entrepreneurship\/files\/2013\/11\/Signor-Rossi-150x150.jpg","url":"https:\/\/blog.zhaw.ch\/entrepreneurship\/files\/2013\/11\/Signor-Rossi-150x150.jpg","contentUrl":"https:\/\/blog.zhaw.ch\/entrepreneurship\/files\/2013\/11\/Signor-Rossi-150x150.jpg","caption":"Adrian M\u00fcller"},"description":"Als Leiter des Centers for Innovation &amp; Entrepreneurship an der ZHAW School of Management &amp; Law forscht und lehrt Adrian M\u00fcller in den Bereichen Foresight, Entrepreneurship und Business Innovation. Adrian ist Start-Up Trainer im Programm \"CTI Entrepreneurship powered by Technopark Z\u00fcrich\" und Coach von Junggr\u00fcnderinnen und -gr\u00fcndern im Creative Business Accelerator der ZHAW. Zuvor arbeitete er als Strategie- und Organisationsberater und gr\u00fcndete er das Programm \"Trends\" im Master of Arts in Design der Z\u00fcrcher Hochschule der K\u00fcnste (ZHdK). Adrian promovierte \u00fcber Strategic Foresight am Lehrstuhl f\u00fcr Strategisches Management der Universit\u00e4t St.Gallen (HSG).","sameAs":["http:\/\/www.cie.zhaw.ch"],"url":"https:\/\/blog.zhaw.ch\/entrepreneurship\/author\/muad\/"}]}},"_links":{"self":[{"href":"https:\/\/blog.zhaw.ch\/entrepreneurship\/wp-json\/wp\/v2\/posts\/234","targetHints":{"allow":["GET"]}}],"collection":[{"href":"https:\/\/blog.zhaw.ch\/entrepreneurship\/wp-json\/wp\/v2\/posts"}],"about":[{"href":"https:\/\/blog.zhaw.ch\/entrepreneurship\/wp-json\/wp\/v2\/types\/post"}],"author":[{"embeddable":true,"href":"https:\/\/blog.zhaw.ch\/entrepreneurship\/wp-json\/wp\/v2\/users\/34"}],"replies":[{"embeddable":true,"href":"https:\/\/blog.zhaw.ch\/entrepreneurship\/wp-json\/wp\/v2\/comments?post=234"}],"version-history":[{"count":7,"href":"https:\/\/blog.zhaw.ch\/entrepreneurship\/wp-json\/wp\/v2\/posts\/234\/revisions"}],"predecessor-version":[{"id":242,"href":"https:\/\/blog.zhaw.ch\/entrepreneurship\/wp-json\/wp\/v2\/posts\/234\/revisions\/242"}],"wp:attachment":[{"href":"https:\/\/blog.zhaw.ch\/entrepreneurship\/wp-json\/wp\/v2\/media?parent=234"}],"wp:term":[{"taxonomy":"category","embeddable":true,"href":"https:\/\/blog.zhaw.ch\/entrepreneurship\/wp-json\/wp\/v2\/categories?post=234"},{"taxonomy":"post_tag","embeddable":true,"href":"https:\/\/blog.zhaw.ch\/entrepreneurship\/wp-json\/wp\/v2\/tags?post=234"},{"taxonomy":"features","embeddable":true,"href":"https:\/\/blog.zhaw.ch\/entrepreneurship\/wp-json\/wp\/v2\/features?post=234"}],"curies":[{"name":"wp","href":"https:\/\/api.w.org\/{rel}","templated":true}]}}