{"id":220,"date":"2020-07-02T00:00:00","date_gmt":"2020-07-01T22:00:00","guid":{"rendered":"http:\/\/blog.zhaw.ch\/eat-grow-change\/?p=220"},"modified":"2022-02-01T09:39:08","modified_gmt":"2022-02-01T08:39:08","slug":"lassen-wir-unsere-kinder-ackern","status":"publish","type":"post","link":"https:\/\/blog.zhaw.ch\/eat-grow-change\/2020\/07\/02\/lassen-wir-unsere-kinder-ackern\/","title":{"rendered":"Lassen wir unsere Kinder ackern!"},"content":{"rendered":"\n<p><em>Ein Beitrag von Sina Breitenmoser<\/em><\/p>\n\n\n\n<figure class=\"wp-block-image size-large\"><img loading=\"lazy\" decoding=\"async\" width=\"591\" height=\"394\" src=\"https:\/\/blog.zhaw.ch\/eat-grow-change\/files\/2020\/06\/image.png\" alt=\"\" class=\"wp-image-227\" srcset=\"https:\/\/blog.zhaw.ch\/eat-grow-change\/files\/2020\/06\/image.png 591w, https:\/\/blog.zhaw.ch\/eat-grow-change\/files\/2020\/06\/image-300x200.png 300w\" sizes=\"auto, (max-width: 591px) 100vw, 591px\" \/><figcaption>Abbildung 1: Ein M\u00e4dchen im Garten beim Ernten von Kartoffeln (<a href=\"http:\/\/www.colourbox.com\">colourbox.com<\/a>, <a href=\"https:\/\/creativecommons.org\/publicdomain\/zero\/1.0\/deed.en\">CC0 1.0<\/a>)<\/figcaption><\/figure>\n\n\n\n<p><strong>Food Waste reduzieren, indem man Kinder und Jugendliche ackern l\u00e4sst? Das Prinzip des Schulgartens und auch andere Initiativen zielen auf eine solche Verhaltensver\u00e4nderung ab. Wie Bildung f\u00fcr Nachhaltige Entwicklung im Lehrplan 21 umgesetzt werden kann, zeigt das sch\u00f6ne Beispiel des Schulgartens.<\/strong><\/p>\n\n\n\n<!--more-->\n\n\n\n<p><strong>Frisch auf den M\u00fcll<\/strong><\/p>\n\n\n\n<p>Entlang der gesamten Nahrungsmittelkette \u2013 vom Acker bis zum Teller \u2013 fallen in der Schweiz rund 2.8 Mio. t Lebensmittelabf\u00e4lle an. In der Schweiz verursachen diese Lebensmittelabf\u00e4lle rund 25 Prozent der Umweltbelastung der gesamten Ern\u00e4hrung. Davon f\u00e4llt mehr als die H\u00e4lfte der Abf\u00e4lle, n\u00e4mlich 52%, in den Haushalten und in der Gastronomie an. Zus\u00e4tzlich stammen weitere 27% der Lebensmittelabf\u00e4lle aus der Verarbeitungsindustrie, 8% aus dem Handel und weitere 13% aus der landwirtschaftlichen Produktion von Nahrungsmitteln. Hierbei&nbsp;&nbsp;in der verarbeitenden Industrie weitere 27% der Lebensmittelabf\u00e4lle beim Aussortieren minderer, aber meistens trotzdem noch genusstauglicher Ware an&nbsp;(Beretta &amp; Hellweg, 2019). Massnahmen, die sich leicht in den Alltag einbauen liessen, wie gezielte Einkaufslisten oder clevere Resteverwertung, w\u00fcrden diese enormen Abfallmengen reduzieren. Um Lebensmittelabf\u00e4lle und CO2-Emissionen zu vermeiden, bedarf es einer \u00c4nderung der Ern\u00e4hrungsroutinen.&nbsp;<\/p>\n\n\n\n<p><strong>Die L\u00f6sungen sind vielf\u00e4ltig<\/strong><\/p>\n\n\n\n<p>Verschiedene Initiativen zielen darauf ab, die Verhaltensweise zu ver\u00e4ndern und f\u00fcr das Thema \u00abFood Waste\u00bb zu sensibilisieren. Beispiele daf\u00fcr sind Essensschr\u00e4nke, die unverk\u00e4ufliche Lebensmittel von Gesch\u00e4ften und aus Haushalten der \u00d6ffentlichkeit gratis zug\u00e4nglich machen. Andere Ans\u00e4tze versuchen in der Wertsch\u00f6pfungskette anzusetzen, beim Transport oder der Verpackung beispielsweise. So entstehen verpackungsfreie L\u00e4den und Gem\u00fcse- oder Fleischabonnements von lokalen Bauernh\u00f6fen. Initiativen wie der Ansatz der Solidarischen Landwirtschaft versucht Konsumentinnen und Konsumenten in der Produktion der Lebensmittel miteinzubeziehen, indem sie diese an der Produktion mit ihrem Arbeitskapital beteiligen lassen und das Risiko von Ernteausf\u00e4lle mit ihnen teilen&nbsp;(Burger et al., 2019)&nbsp;. Bildungsangebote wie Gemeinschafts- und Schulg\u00e4rten zielen auf die Vermittlung von Wissen und K\u00f6nnen und damit auf eine Sensibilisierung f\u00fcr Umweltfragen ab&nbsp;(Fischer et al., 2019).<\/p>\n\n\n\n<p><strong>Der Schulgarten als Lernort&nbsp;<\/strong><\/p>\n\n\n\n<p>Die Schule spielt eine entscheidende Rolle in der Umwelterziehung von Kindern. Das Konzept des Schulgartens hilft den Kindern, die Natur besser zu verstehen und sie lernen auch, was eine gesunde Ern\u00e4hrung bedeutet und wie die Nahrungsmittelproduktion funktioniert und dass diese Themen auch stetig aufeinander einwirken&nbsp;(Benkowitz et al., 2019; Fischer et al., 2019). Auch f\u00fcr die geistige, motorische und die emotionale Entwicklung von Kindern und Jugendlichen ist der Naturkontakt von zentraler Bedeutung. F\u00fcr die Umsetzung einer Bildung f\u00fcr Nachhaltige Entwicklung (BNE), wie sie im Lehrplan 21 vorgesehen ist, bietet der Schulgarten das ideale Lernobjekt&nbsp;(Benkowitz &amp; K\u00f6hler, 2019; P\u00e4dagogische Hochschule FHNW &amp; Coop Schweiz, 2019).<\/p>\n\n\n\n<p><strong>Mit den Profis in den Garten<\/strong><\/p>\n\n\n\n<p>Der gemeinn\u00fctzige Verein \u00abGem\u00fcseAckerdemie Schweiz\u00bb hat zum Ziel, Kinder und Jugendliche (KuJ) mit dem Anbau von eigenem Gem\u00fcse f\u00fcr Nachhaltigkeit und Gesundheit zu begeistern. Dazu hat der Verein verschiedene Programme f\u00fcr den Schulunterricht entwickelt. Beim Gem\u00fcseanbau und bei der Verwertung der Ernte (Abbildung 1.2) lernen die KuJ die gesamte Produktionskette n\u00e4her kennen und entwickeln Wertsch\u00e4tzung f\u00fcr Lebensmittel. \u00dcber das Bewirtschaften des eigenen Ackers hinaus erfahren die KuJ mehr \u00fcber Gem\u00fcseanbau oder die biologische Vielfalt&nbsp;(Gem\u00fcseAckerdemie Schweiz, 2019).<\/p>\n\n\n\n<p><strong>Tipps f\u00fcr deinen Schulgarten<\/strong><\/p>\n\n\n\n<p>Was beim Bewirtschaften eines Schulgartens beachtet werden soll, damit das Projekt f\u00fcr alle Beteiligten zum Erfolg wird:&nbsp;<\/p>\n\n\n\n<p>&gt; Betreuung des Schulgartens w\u00e4hrend den Schulferien fr\u00fch regeln<\/p>\n\n\n\n<p>&gt; Einbezug von Anspruchsgruppen wie Schulleitung und Eltern, um Betroffene zu Beteiligten zu machen&nbsp;<\/p>\n\n\n\n<p>&gt; Aneignung von Fachkenntnissen<\/p>\n\n\n\n<p>&gt; Thema Schulgarten breit und konsequent in den Unterricht einbinden und Erfahrungen laufend einfliessen lassen&nbsp;<\/p>\n\n\n\n<p>(Benkowitz &amp; K\u00f6hler, 2019; P\u00e4dagogische Hochschule FHNW &amp; Coop Schweiz, 2019)<\/p>\n\n\n\n<p><strong>Ackern, aber mit allem was dazu geh\u00f6rt<\/strong><\/p>\n\n\n\n<p>Meine Erinnerungen an unseren Schulgarten in der Primarschule sind sehr gemischt. Einerseits habe ich gerne Zeit dort verbracht, denn die Stunden draussen waren eine willkommene Abwechslung zum normalen Schulalltag. Es beschleicht mich jedoch gleichzeitig ein etwas ungutes Gef\u00fchl, wenn ich daran zur\u00fcckdenke, denn irgendwie waren wir haupts\u00e4chlich am J\u00e4ten, was den fahlen Beigeschmack von Strafarbeit hatte. Deshalb ist es wichtig, ein Schulgartenprojekt zu realisieren mit allem, was dazu geh\u00f6rt &#8211; vom J\u00e4ten bis hin zu vielen sch\u00f6nen Erlebnissen bei der Ernte. Das wird die Kinder auf eine gute Art sensibilisieren und das Ackern wird sich sp\u00e4ter garantiert auszahlen.&nbsp;<\/p>\n\n\n\n<p><em>Dieser Blog-Beitrag entstand im Rahmen des Bachelormoduls Weltern\u00e4hrungssysteme des Studiengangs Umweltingenieurwesen am Institut f\u00fcr Umwelt und Nat\u00fcrliche Ressourcen der ZHAW im Fr\u00fchjahrssemester 2020.<\/em><\/p>\n\n\n\n<p><strong>Quellen<\/strong><\/p>\n\n\n\n<p>Benkowitz, D., &amp; K\u00f6hler, K. (2019).&nbsp;<em>Lernen im Schulgarten \u2013 Werden vorhandene Potentiale genutzt?<\/em>&nbsp;(Karlsruhe University of Education, Institute of Biology an Schoolgarden, Hrsg.). https:\/\/www.researchgate.net\/profile\/Dorothee_Benkowitz\/publication\/337622043_Lernen_im_Schulgarten_-Werden_vorhandene_Potentiale_genutzt\/links\/5de0c42d4585159aa451a0e3\/Lernen-im-Schulgarten-Werden-vorhandene-Potentiale-genutzt.pdf<\/p>\n\n\n\n<p>Benkowitz, D., Schulz, S., &amp; Lindemann-Matthies, P. (2019).&nbsp;<em>The Impact of Gardening Experiences on Children\u2019s Intake of Vegetables<\/em>. 5. https:\/\/doi.org\/10.18455\/19001<\/p>\n\n\n\n<p>Beretta, C., &amp; Hellweg, S. (2019).&nbsp;<em>Lebensmittelverluste in der Schweiz: Mengen und Umweltbelastungen. Wissenschaftlicher Schlussbericht<\/em>&nbsp;(ETH Z\u00fcrich, Hrsg.). www.bafu.admin.ch\/lebensmittelabfaelle<\/p>\n\n\n\n<p>Burger, P., Hess, A.-K., Parlow, S., Schubert, I., &amp; Sohre, A. (2019).&nbsp;<em>Suffizienz im Alltag. Vielversprechende Schritte auf dem Weg zur ERreichung einer CO2-armen Gesellschaft<\/em>. https:\/\/energieimalltag.philhist.unibas.ch\/fileadmin\/user_upload\/energieimalltag\/Suffizienz_im_Alltag_PDF.pdf<\/p>\n\n\n\n<p>Fischer, L. K., Brinkmeyer, D., Karle, S. J., Cremer, K., Huttner, E., Seebauer, M., Nowikow, U., Sch\u00fctze, B., Voigt, P., V\u00f6lker, S., &amp; Kowarik, I. (2019). Biodiverse edible schools: Linking healthy food, school gardens and local urban biodiversity.&nbsp;<em>Urban Forestry &amp; Urban Greening<\/em>,&nbsp;<em>40<\/em>, 35\u201343. https:\/\/doi.org\/10.1016\/j.ufug.2018.02.015<\/p>\n\n\n\n<p>Gem\u00fcseAckerdemie Schweiz. (2019).&nbsp;<em>Medieninformation Gem\u00fcseAckerdemie August 2019<\/em>. https:\/\/www.gemueseackerdemie.ch\/fileadmin\/Redaktion\/_CH-Domain\/Medien\/Medieninformation_2019.pdf<\/p>\n\n\n\n<p>P\u00e4dagogische Hochschule FHNW, &amp; Coop Schweiz (Hrsg.). (2019).&nbsp;<em>Schulgarten\u2014Wegweiser mit Tipps und Ideen<\/em>. https:\/\/www.google.ch\/url?sa=t&amp;rct=j&amp;q=&amp;esrc=s&amp;source=web&amp;cd=1&amp;cad=rja&amp;uact=8&amp;ved=2ahUKEwjm&#8211;jwzrPpAhUzpHEKHYF1BbkQFjAAegQIAxAB&amp;url=https%3A%2F%2Fwww.fhnw.ch%2Fde%2Fforschung-und-dienstleistungen%2Fpaedagogik%2Finstitut-kindergarten-unterstufe%2Fbildungssortensgarten%2Fmedia%2Fwegweiser-schulgarten.pdf&amp;usg=AOvVaw0Jet67ijTJkO79VNtJdfs4<\/p>\n<div class=\"pt-sm\">Schlagw\u00f6rter: <a href=\"http:\/\/blog.zhaw.ch\/eat-grow-change\/tag\/bne\/\">BNE<\/a>, <a href=\"http:\/\/blog.zhaw.ch\/eat-grow-change\/tag\/food-waste\/\">Food Waste<\/a>, <a href=\"http:\/\/blog.zhaw.ch\/eat-grow-change\/tag\/nahrungsmittelproduktion\/\">Nahrungsmittelproduktion<\/a>, <a href=\"http:\/\/blog.zhaw.ch\/eat-grow-change\/tag\/schulgarten\/\">Schulgarten<\/a>, <a href=\"http:\/\/blog.zhaw.ch\/eat-grow-change\/tag\/wertschopfungskette\/\">Wertsch\u00f6pfungskette<\/a><br><\/div>","protected":false},"excerpt":{"rendered":"<p>Food Waste reduzieren, indem man Kinder und Jugendliche ackern l\u00e4sst? Das Prinzip des Schulgartens und auch andere Initiativen zielen auf eine solche Verhaltensver\u00e4nderung ab. Wie Bildung f\u00fcr Nachhaltige Entwicklung im Lehrplan 21 umgesetzt werden kann, zeigt das sch\u00f6ne Beispiel des Schulgartens.<\/p>\n","protected":false},"author":536,"featured_media":0,"comment_status":"open","ping_status":"open","sticky":false,"template":"","format":"standard","meta":{"ngg_post_thumbnail":0,"footnotes":""},"categories":[3],"tags":[55,53,54,52,56],"features":[],"class_list":["post-220","post","type-post","status-publish","format-standard","hentry","category-wes2020","tag-bne","tag-food-waste","tag-nahrungsmittelproduktion","tag-schulgarten","tag-wertschopfungskette"],"yoast_head":"<!-- This site is optimized with the Yoast SEO Premium plugin v27.2 (Yoast SEO v27.2) - https:\/\/yoast.com\/product\/yoast-seo-premium-wordpress\/ -->\n<title>Lassen wir unsere Kinder ackern! - Eat Grow Change<\/title>\n<meta name=\"robots\" content=\"index, follow, max-snippet:-1, max-image-preview:large, max-video-preview:-1\" \/>\n<link rel=\"canonical\" href=\"https:\/\/blog.zhaw.ch\/eat-grow-change\/2020\/07\/02\/lassen-wir-unsere-kinder-ackern\/\" \/>\n<meta property=\"og:locale\" content=\"en_GB\" \/>\n<meta property=\"og:type\" content=\"article\" \/>\n<meta property=\"og:title\" content=\"Lassen wir unsere Kinder ackern!\" \/>\n<meta property=\"og:description\" content=\"Food Waste reduzieren, indem man Kinder und Jugendliche ackern l\u00e4sst? Das Prinzip des Schulgartens und auch andere Initiativen zielen auf eine solche Verhaltensver\u00e4nderung ab. Wie Bildung f\u00fcr Nachhaltige Entwicklung im Lehrplan 21 umgesetzt werden kann, zeigt das sch\u00f6ne Beispiel des Schulgartens.\" \/>\n<meta property=\"og:url\" content=\"https:\/\/blog.zhaw.ch\/eat-grow-change\/2020\/07\/02\/lassen-wir-unsere-kinder-ackern\/\" \/>\n<meta property=\"og:site_name\" content=\"Eat Grow Change\" \/>\n<meta property=\"article:published_time\" content=\"2020-07-01T22:00:00+00:00\" \/>\n<meta property=\"article:modified_time\" content=\"2022-02-01T08:39:08+00:00\" \/>\n<meta property=\"og:image\" content=\"https:\/\/blog.zhaw.ch\/eat-grow-change\/files\/2020\/06\/image.png\" \/>\n<meta name=\"author\" content=\"gess\" \/>\n<meta name=\"twitter:card\" content=\"summary_large_image\" \/>\n<meta name=\"twitter:label1\" content=\"Written by\" \/>\n\t<meta name=\"twitter:data1\" content=\"gess\" \/>\n\t<meta name=\"twitter:label2\" content=\"Estimated reading time\" \/>\n\t<meta name=\"twitter:data2\" content=\"5 minutes\" \/>\n<script type=\"application\/ld+json\" class=\"yoast-schema-graph\">{\"@context\":\"https:\/\/schema.org\",\"@graph\":[{\"@type\":\"Article\",\"@id\":\"https:\/\/blog.zhaw.ch\/eat-grow-change\/2020\/07\/02\/lassen-wir-unsere-kinder-ackern\/#article\",\"isPartOf\":{\"@id\":\"https:\/\/blog.zhaw.ch\/eat-grow-change\/2020\/07\/02\/lassen-wir-unsere-kinder-ackern\/\"},\"author\":{\"name\":\"gess\",\"@id\":\"https:\/\/blog.zhaw.ch\/eat-grow-change\/#\/schema\/person\/57da19a3a16662e8ec0e8f087a19702c\"},\"headline\":\"Lassen wir unsere Kinder ackern!\",\"datePublished\":\"2020-07-01T22:00:00+00:00\",\"dateModified\":\"2022-02-01T08:39:08+00:00\",\"mainEntityOfPage\":{\"@id\":\"https:\/\/blog.zhaw.ch\/eat-grow-change\/2020\/07\/02\/lassen-wir-unsere-kinder-ackern\/\"},\"wordCount\":1057,\"commentCount\":0,\"image\":{\"@id\":\"https:\/\/blog.zhaw.ch\/eat-grow-change\/2020\/07\/02\/lassen-wir-unsere-kinder-ackern\/#primaryimage\"},\"thumbnailUrl\":\"https:\/\/blog.zhaw.ch\/eat-grow-change\/files\/2020\/06\/image.png\",\"keywords\":[\"BNE\",\"Food Waste\",\"Nahrungsmittelproduktion\",\"Schulgarten\",\"Wertsch\u00f6pfungskette\"],\"articleSection\":[\"Weltern\u00e4hrungssysteme 2020\"],\"inLanguage\":\"en-GB\",\"potentialAction\":[{\"@type\":\"CommentAction\",\"name\":\"Comment\",\"target\":[\"https:\/\/blog.zhaw.ch\/eat-grow-change\/2020\/07\/02\/lassen-wir-unsere-kinder-ackern\/#respond\"]}]},{\"@type\":\"WebPage\",\"@id\":\"https:\/\/blog.zhaw.ch\/eat-grow-change\/2020\/07\/02\/lassen-wir-unsere-kinder-ackern\/\",\"url\":\"https:\/\/blog.zhaw.ch\/eat-grow-change\/2020\/07\/02\/lassen-wir-unsere-kinder-ackern\/\",\"name\":\"Lassen wir unsere Kinder ackern! - Eat Grow Change\",\"isPartOf\":{\"@id\":\"https:\/\/blog.zhaw.ch\/eat-grow-change\/#website\"},\"primaryImageOfPage\":{\"@id\":\"https:\/\/blog.zhaw.ch\/eat-grow-change\/2020\/07\/02\/lassen-wir-unsere-kinder-ackern\/#primaryimage\"},\"image\":{\"@id\":\"https:\/\/blog.zhaw.ch\/eat-grow-change\/2020\/07\/02\/lassen-wir-unsere-kinder-ackern\/#primaryimage\"},\"thumbnailUrl\":\"https:\/\/blog.zhaw.ch\/eat-grow-change\/files\/2020\/06\/image.png\",\"datePublished\":\"2020-07-01T22:00:00+00:00\",\"dateModified\":\"2022-02-01T08:39:08+00:00\",\"author\":{\"@id\":\"https:\/\/blog.zhaw.ch\/eat-grow-change\/#\/schema\/person\/57da19a3a16662e8ec0e8f087a19702c\"},\"breadcrumb\":{\"@id\":\"https:\/\/blog.zhaw.ch\/eat-grow-change\/2020\/07\/02\/lassen-wir-unsere-kinder-ackern\/#breadcrumb\"},\"inLanguage\":\"en-GB\",\"potentialAction\":[{\"@type\":\"ReadAction\",\"target\":[\"https:\/\/blog.zhaw.ch\/eat-grow-change\/2020\/07\/02\/lassen-wir-unsere-kinder-ackern\/\"]}]},{\"@type\":\"ImageObject\",\"inLanguage\":\"en-GB\",\"@id\":\"https:\/\/blog.zhaw.ch\/eat-grow-change\/2020\/07\/02\/lassen-wir-unsere-kinder-ackern\/#primaryimage\",\"url\":\"https:\/\/blog.zhaw.ch\/eat-grow-change\/files\/2020\/06\/image.png\",\"contentUrl\":\"https:\/\/blog.zhaw.ch\/eat-grow-change\/files\/2020\/06\/image.png\"},{\"@type\":\"BreadcrumbList\",\"@id\":\"https:\/\/blog.zhaw.ch\/eat-grow-change\/2020\/07\/02\/lassen-wir-unsere-kinder-ackern\/#breadcrumb\",\"itemListElement\":[{\"@type\":\"ListItem\",\"position\":1,\"name\":\"Startseite\",\"item\":\"https:\/\/blog.zhaw.ch\/eat-grow-change\/\"},{\"@type\":\"ListItem\",\"position\":2,\"name\":\"Lassen wir unsere Kinder ackern!\"}]},{\"@type\":\"WebSite\",\"@id\":\"https:\/\/blog.zhaw.ch\/eat-grow-change\/#website\",\"url\":\"https:\/\/blog.zhaw.ch\/eat-grow-change\/\",\"name\":\"Eat Grow Change\",\"description\":\"A Blog of the ZHAW Zurich University of Applied Sciences\",\"potentialAction\":[{\"@type\":\"SearchAction\",\"target\":{\"@type\":\"EntryPoint\",\"urlTemplate\":\"https:\/\/blog.zhaw.ch\/eat-grow-change\/?s={search_term_string}\"},\"query-input\":{\"@type\":\"PropertyValueSpecification\",\"valueRequired\":true,\"valueName\":\"search_term_string\"}}],\"inLanguage\":\"en-GB\"},{\"@type\":\"Person\",\"@id\":\"https:\/\/blog.zhaw.ch\/eat-grow-change\/#\/schema\/person\/57da19a3a16662e8ec0e8f087a19702c\",\"name\":\"gess\",\"image\":{\"@type\":\"ImageObject\",\"inLanguage\":\"en-GB\",\"@id\":\"https:\/\/secure.gravatar.com\/avatar\/04f4680406c6b1f261451490900488d4397d69b1c376ae52f90ba22618c478de?s=96&d=mm&r=g\",\"url\":\"https:\/\/secure.gravatar.com\/avatar\/04f4680406c6b1f261451490900488d4397d69b1c376ae52f90ba22618c478de?s=96&d=mm&r=g\",\"contentUrl\":\"https:\/\/secure.gravatar.com\/avatar\/04f4680406c6b1f261451490900488d4397d69b1c376ae52f90ba22618c478de?s=96&d=mm&r=g\",\"caption\":\"gess\"},\"url\":\"https:\/\/blog.zhaw.ch\/eat-grow-change\/author\/gess\/\"}]}<\/script>\n<!-- \/ Yoast SEO Premium plugin. -->","yoast_head_json":{"title":"Lassen wir unsere Kinder ackern! - Eat Grow Change","robots":{"index":"index","follow":"follow","max-snippet":"max-snippet:-1","max-image-preview":"max-image-preview:large","max-video-preview":"max-video-preview:-1"},"canonical":"https:\/\/blog.zhaw.ch\/eat-grow-change\/2020\/07\/02\/lassen-wir-unsere-kinder-ackern\/","og_locale":"en_GB","og_type":"article","og_title":"Lassen wir unsere Kinder ackern!","og_description":"Food Waste reduzieren, indem man Kinder und Jugendliche ackern l\u00e4sst? Das Prinzip des Schulgartens und auch andere Initiativen zielen auf eine solche Verhaltensver\u00e4nderung ab. Wie Bildung f\u00fcr Nachhaltige Entwicklung im Lehrplan 21 umgesetzt werden kann, zeigt das sch\u00f6ne Beispiel des Schulgartens.","og_url":"https:\/\/blog.zhaw.ch\/eat-grow-change\/2020\/07\/02\/lassen-wir-unsere-kinder-ackern\/","og_site_name":"Eat Grow Change","article_published_time":"2020-07-01T22:00:00+00:00","article_modified_time":"2022-02-01T08:39:08+00:00","og_image":[{"url":"https:\/\/blog.zhaw.ch\/eat-grow-change\/files\/2020\/06\/image.png","type":"","width":"","height":""}],"author":"gess","twitter_card":"summary_large_image","twitter_misc":{"Written by":"gess","Estimated reading time":"5 minutes"},"schema":{"@context":"https:\/\/schema.org","@graph":[{"@type":"Article","@id":"https:\/\/blog.zhaw.ch\/eat-grow-change\/2020\/07\/02\/lassen-wir-unsere-kinder-ackern\/#article","isPartOf":{"@id":"https:\/\/blog.zhaw.ch\/eat-grow-change\/2020\/07\/02\/lassen-wir-unsere-kinder-ackern\/"},"author":{"name":"gess","@id":"https:\/\/blog.zhaw.ch\/eat-grow-change\/#\/schema\/person\/57da19a3a16662e8ec0e8f087a19702c"},"headline":"Lassen wir unsere Kinder ackern!","datePublished":"2020-07-01T22:00:00+00:00","dateModified":"2022-02-01T08:39:08+00:00","mainEntityOfPage":{"@id":"https:\/\/blog.zhaw.ch\/eat-grow-change\/2020\/07\/02\/lassen-wir-unsere-kinder-ackern\/"},"wordCount":1057,"commentCount":0,"image":{"@id":"https:\/\/blog.zhaw.ch\/eat-grow-change\/2020\/07\/02\/lassen-wir-unsere-kinder-ackern\/#primaryimage"},"thumbnailUrl":"https:\/\/blog.zhaw.ch\/eat-grow-change\/files\/2020\/06\/image.png","keywords":["BNE","Food Waste","Nahrungsmittelproduktion","Schulgarten","Wertsch\u00f6pfungskette"],"articleSection":["Weltern\u00e4hrungssysteme 2020"],"inLanguage":"en-GB","potentialAction":[{"@type":"CommentAction","name":"Comment","target":["https:\/\/blog.zhaw.ch\/eat-grow-change\/2020\/07\/02\/lassen-wir-unsere-kinder-ackern\/#respond"]}]},{"@type":"WebPage","@id":"https:\/\/blog.zhaw.ch\/eat-grow-change\/2020\/07\/02\/lassen-wir-unsere-kinder-ackern\/","url":"https:\/\/blog.zhaw.ch\/eat-grow-change\/2020\/07\/02\/lassen-wir-unsere-kinder-ackern\/","name":"Lassen wir unsere Kinder ackern! - Eat Grow Change","isPartOf":{"@id":"https:\/\/blog.zhaw.ch\/eat-grow-change\/#website"},"primaryImageOfPage":{"@id":"https:\/\/blog.zhaw.ch\/eat-grow-change\/2020\/07\/02\/lassen-wir-unsere-kinder-ackern\/#primaryimage"},"image":{"@id":"https:\/\/blog.zhaw.ch\/eat-grow-change\/2020\/07\/02\/lassen-wir-unsere-kinder-ackern\/#primaryimage"},"thumbnailUrl":"https:\/\/blog.zhaw.ch\/eat-grow-change\/files\/2020\/06\/image.png","datePublished":"2020-07-01T22:00:00+00:00","dateModified":"2022-02-01T08:39:08+00:00","author":{"@id":"https:\/\/blog.zhaw.ch\/eat-grow-change\/#\/schema\/person\/57da19a3a16662e8ec0e8f087a19702c"},"breadcrumb":{"@id":"https:\/\/blog.zhaw.ch\/eat-grow-change\/2020\/07\/02\/lassen-wir-unsere-kinder-ackern\/#breadcrumb"},"inLanguage":"en-GB","potentialAction":[{"@type":"ReadAction","target":["https:\/\/blog.zhaw.ch\/eat-grow-change\/2020\/07\/02\/lassen-wir-unsere-kinder-ackern\/"]}]},{"@type":"ImageObject","inLanguage":"en-GB","@id":"https:\/\/blog.zhaw.ch\/eat-grow-change\/2020\/07\/02\/lassen-wir-unsere-kinder-ackern\/#primaryimage","url":"https:\/\/blog.zhaw.ch\/eat-grow-change\/files\/2020\/06\/image.png","contentUrl":"https:\/\/blog.zhaw.ch\/eat-grow-change\/files\/2020\/06\/image.png"},{"@type":"BreadcrumbList","@id":"https:\/\/blog.zhaw.ch\/eat-grow-change\/2020\/07\/02\/lassen-wir-unsere-kinder-ackern\/#breadcrumb","itemListElement":[{"@type":"ListItem","position":1,"name":"Startseite","item":"https:\/\/blog.zhaw.ch\/eat-grow-change\/"},{"@type":"ListItem","position":2,"name":"Lassen wir unsere Kinder ackern!"}]},{"@type":"WebSite","@id":"https:\/\/blog.zhaw.ch\/eat-grow-change\/#website","url":"https:\/\/blog.zhaw.ch\/eat-grow-change\/","name":"Eat Grow Change","description":"A Blog of the ZHAW Zurich University of Applied Sciences","potentialAction":[{"@type":"SearchAction","target":{"@type":"EntryPoint","urlTemplate":"https:\/\/blog.zhaw.ch\/eat-grow-change\/?s={search_term_string}"},"query-input":{"@type":"PropertyValueSpecification","valueRequired":true,"valueName":"search_term_string"}}],"inLanguage":"en-GB"},{"@type":"Person","@id":"https:\/\/blog.zhaw.ch\/eat-grow-change\/#\/schema\/person\/57da19a3a16662e8ec0e8f087a19702c","name":"gess","image":{"@type":"ImageObject","inLanguage":"en-GB","@id":"https:\/\/secure.gravatar.com\/avatar\/04f4680406c6b1f261451490900488d4397d69b1c376ae52f90ba22618c478de?s=96&d=mm&r=g","url":"https:\/\/secure.gravatar.com\/avatar\/04f4680406c6b1f261451490900488d4397d69b1c376ae52f90ba22618c478de?s=96&d=mm&r=g","contentUrl":"https:\/\/secure.gravatar.com\/avatar\/04f4680406c6b1f261451490900488d4397d69b1c376ae52f90ba22618c478de?s=96&d=mm&r=g","caption":"gess"},"url":"https:\/\/blog.zhaw.ch\/eat-grow-change\/author\/gess\/"}]}},"_links":{"self":[{"href":"https:\/\/blog.zhaw.ch\/eat-grow-change\/wp-json\/wp\/v2\/posts\/220","targetHints":{"allow":["GET"]}}],"collection":[{"href":"https:\/\/blog.zhaw.ch\/eat-grow-change\/wp-json\/wp\/v2\/posts"}],"about":[{"href":"https:\/\/blog.zhaw.ch\/eat-grow-change\/wp-json\/wp\/v2\/types\/post"}],"author":[{"embeddable":true,"href":"https:\/\/blog.zhaw.ch\/eat-grow-change\/wp-json\/wp\/v2\/users\/536"}],"replies":[{"embeddable":true,"href":"https:\/\/blog.zhaw.ch\/eat-grow-change\/wp-json\/wp\/v2\/comments?post=220"}],"version-history":[{"count":5,"href":"https:\/\/blog.zhaw.ch\/eat-grow-change\/wp-json\/wp\/v2\/posts\/220\/revisions"}],"predecessor-version":[{"id":458,"href":"https:\/\/blog.zhaw.ch\/eat-grow-change\/wp-json\/wp\/v2\/posts\/220\/revisions\/458"}],"wp:attachment":[{"href":"https:\/\/blog.zhaw.ch\/eat-grow-change\/wp-json\/wp\/v2\/media?parent=220"}],"wp:term":[{"taxonomy":"category","embeddable":true,"href":"https:\/\/blog.zhaw.ch\/eat-grow-change\/wp-json\/wp\/v2\/categories?post=220"},{"taxonomy":"post_tag","embeddable":true,"href":"https:\/\/blog.zhaw.ch\/eat-grow-change\/wp-json\/wp\/v2\/tags?post=220"},{"taxonomy":"features","embeddable":true,"href":"https:\/\/blog.zhaw.ch\/eat-grow-change\/wp-json\/wp\/v2\/features?post=220"}],"curies":[{"name":"wp","href":"https:\/\/api.w.org\/{rel}","templated":true}]}}