{"id":415,"date":"2021-10-21T14:39:56","date_gmt":"2021-10-21T12:39:56","guid":{"rendered":"https:\/\/blog.zhaw.ch\/digital-futures-lab\/?p=415"},"modified":"2021-10-21T16:09:46","modified_gmt":"2021-10-21T14:09:46","slug":"wie-viel-schweizer-hate-speech-gibt-es-auf-social-media","status":"publish","type":"post","link":"https:\/\/blog.zhaw.ch\/digital-futures-lab\/2021\/10\/21\/wie-viel-schweizer-hate-speech-gibt-es-auf-social-media\/","title":{"rendered":"Wie viel Schweizer Hate Speech gibt es auf Social Media?"},"content":{"rendered":"\n<p><strong>Schweizer Jugendliche treffen im Internet h\u00e4ufig auf Hate Speech. Das geht aus dem JAMESfocus-Bericht der ZHAW in Zusammenarbeit mit Swisscom hervor. Aber \u00fcber die Verbreitung von Hate Speech und Fake News in der Schweiz gibt es nur wenige Daten. <\/strong><a href=\"https:\/\/www.zhaw.ch\/de\/ueber-uns\/person\/vode\/\" target=\"_blank\" rel=\"noreferrer noopener\"><strong>Pius von D\u00e4niken<\/strong><\/a><strong> vom ZHAW Centre for Artificial Intelligence (CAI) erkl\u00e4rt, warum das so ist.<\/strong><\/p>\n\n\n\n<p>Seit 2010 erhebt die ZHAW im Auftrag von Swisscom im Rahmen der JAMES-Studie den Medienumgang von Jugendlichen in der Schweiz. <a href=\"https:\/\/www.zhaw.ch\/de\/medien\/medienmitteilungen\/detailansicht-medienmitteilung\/event-news\/jugendliche-sind-im-internet-haeufig-mit-hassrede-konfrontiert\/\" target=\"_blank\" rel=\"noreferrer noopener\">Im JAMESfocus-Bericht 2021 befragte die ZHAW Jugendliche in der Schweiz zu Hate Speech<\/a>. Herausgegeben wird die JAMES-Studie von der Fachgruppe Medienpsychologie des ZHAW Departements Angewandte Psychologie. Aber auch andere ZHAW-Departemente sind an dem Thema interessiert.<\/p>\n\n\n\n<p><strong>Natural Language Processing zur Analyse der Daten<\/strong><\/p>\n\n\n\n<p>In der Umfrage kam heraus, dass rund die H\u00e4lfte der befragten Jugendlichen mehrmals pro Woche oder h\u00e4ufiger auf Hasskommentare im Internet trifft. Betroffen sind besonders die 16- bis 19- J\u00e4hrigen. \u00abIn der Umfrage sieht man klar, dass das ein Thema ist, dass die Jugendlichen betrifft\u00bb, sagt Pius von D\u00e4niken. Er ist wissenschaftlicher Assistent am Centre for Artificial Intelligence (CAI) der ZHAW School of Engineering. \u00abAber es ist eine offene Frage, wie hoch der Anteil an Hate Speech im Verh\u00e4ltnis zu anderen Inhalten auf Social Media ist\u00bb, sagt Pius. Genau das will er in <a href=\"https:\/\/www.zhaw.ch\/de\/forschung\/forschungsdatenbank\/projektdetail\/projektid\/4809\/\" target=\"_blank\" rel=\"noreferrer noopener\">seinem DFF-Projekt<\/a> erarbeiten.<\/p>\n\n\n\n<p>Um diese Relation abzubilden k\u00f6nne n\u00e4mlich Natural Language Processing (NLP) helfen. Der Schwerpunktbereich NLP am CAI besch\u00e4ftigt sich mit dem maschinellen Verstehen von menschlicher Sprache in gesprochener und schriftlicher Form. Um mithilfe von NLP den Anteil von Hate Speech auf Social Media zu quantifizieren, braucht es Datens\u00e4tze, also eine grosse Menge an Schweizer Social-Media-Posts, die klassifiziert und anschliessend analysiert werden k\u00f6nnen. Dabei gibt es mehrere Herausforderungen, wie die Sprachenvielfalt in der Schweiz und die unklare Definition von Hate Speech.<\/p>\n\n\n\n<p><strong>Sprachenvielfalt und Schweizer Dialekte<\/strong><\/p>\n\n\n\n<p>Die bestehende Forschung, um mit NLP Hate Speech zu identifizieren ist zu einem Grossteil auf Englisch, einschliesslich der Datens\u00e4tze. Auch auf Hochdeutsch gibt es Datens\u00e4tze, die bereits von Universit\u00e4ten in Deutschland aufbereitet werden. Auf die Schweiz sind diese Daten aber nur bedingt anwendbar. \u00abIn der deutschen Sprachregion der Schweiz verfassen die Jugendlichen ihre Social-Media-Posts in ihrem jeweiligen Dialekt. Und es gibt nur eine begrenzte Datengrundlage auf Schweizerdeutsch\u00bb, erkl\u00e4rt Pius. Viele W\u00f6rter werden beispielsweise je nach Dialekt anders geschrieben, da es keine einheitliche Orthografie gibt.<\/p>\n\n\n\n<p>Hinzu kommt die abweichende Verwendung der Sprache in den sozialen Medien. Wenn ein System mit journalistischen Texten trainiert wird, greift man hier auf standardisierte Texte zu, die von einem Lektor auf ihre Rechtschreibung und Grammatik hin \u00fcberpr\u00fcft wurden. \u00abDie Sprachverarbeitung in den sozialen Medien ist besonders schwierig. Dort postet jeder, wie er will\u00bb, sagt Pius. Auf Plattformen wie Twitter, deren Textl\u00e4nge pro Tweet beschr\u00e4nkt ist, werden die Userinnen und User besonders kreativ. \u00abDie Userinnen und User nutzen wegen der Textbeschr\u00e4nkung kreative Abk\u00fcrzungen. Ein Twitter-Korpus beinhaltet also viel mehr W\u00f6rter, da er Fehler enth\u00e4lt sowie Emojis und ein spezielles Vokabular von Subkulturen. Es ist immer schwierig, mit Text aus den sozialen Medien zu arbeiten, egal in welcher Sprache. In der Schweiz kommen die Sprachvielfalt und die vielen Dialekte noch hinzu\u00bb, erkl\u00e4rt Pius.<\/p>\n\n\n\n<p><strong>Wer entscheidet, was Hate Speech ist?<\/strong><\/p>\n\n\n\n<p>Eine weitere Herausforderung ist die Definition von Hate Speech. Um das System zu trainieren, ist es zun\u00e4chst n\u00f6tig, die Textbestandteile als Hate Speech zu kennzeichnen \u2013 oder eben nicht. Diese Annotation wird von Menschen vorgenommen, um sie anschliessend dem System beizubringen. \u00abWenn wir Texte annotieren lassen, ist es wichtig, sehr pr\u00e4zise Annotation-Guidelines zu haben. Es gibt zwar eine allgemeine Definition f\u00fcr Beleidigung, aber was die Leute schliesslich als beleidigend empfinden ist breiter als die legale Definition des Ph\u00e4nomens\u00bb, sagt Pius. Darum werden die Texte auch von verschiedenen Personen annotiert. \u00abDie Menschen sind auf verschiedene Arten von Hate Speech unterschiedlich sensibilisiert. So empfinden Frauen manche Posts beispielsweise als sexistisch, aber M\u00e4nner w\u00fcrden das m\u00f6glicherweise nicht als Hate Speech erkennen.\u00bb<\/p>\n\n\n\n<p>K\u00fcnftig k\u00f6nnten die Erkenntnisse aus dem Projekt auch im Rahmen der JAMES-Studie verwendet werden. So k\u00f6nnte noch genauer abgebildet werden, wie weit verbreitet Hate Speech unter Jugendlichen in der Schweiz ist.<\/p>\n\n\n\n<p><strong><em>Diskutiert mit am Event von ZHAW digital zum Thema Hate Speech!<\/em><\/strong><\/p>\n\n\n\n<p><em>In der Veranstaltung von ZHAW digital \u00abHass via Messenger: Hate Speech, politische Polarisierung und Demokratie\u00bb sprechen wir mit <\/em><a rel=\"noreferrer noopener\" href=\"https:\/\/de.alliancef.ch\/geschaeftsstelle\" target=\"_blank\"><em>Sophie Achermann<\/em><\/a><em>, <\/em><a rel=\"noreferrer noopener\" href=\"https:\/\/www.uva.nl\/en\/profile\/m\/o\/j.e.moller1\/j.e.moller.html?cb\" target=\"_blank\"><em>Judith M\u00f6ller<\/em><\/a><em> und <\/em><a rel=\"noreferrer noopener\" href=\"https:\/\/www.zhaw.ch\/de\/ueber-uns\/person\/kuln\/\" target=\"_blank\"><em>C\u00e9line K\u00fclling<\/em><\/a><em> dar\u00fcber, wie Hass im Internet und politische Polarisierung in Filterblasen nicht nur den Menschen schaden, sondern auch unsere Demokratie gef\u00e4hrden k\u00f6nnen, was dagegen unternommen wird, worauf man achten sollte und wie man die Technologie zur Unterst\u00fctzung einsetzen kann. <\/em><a rel=\"noreferrer noopener\" href=\"https:\/\/www.zhaw.ch\/de\/ueber-uns\/aktuell\/veranstaltungen\/detailansicht-veranstaltung\/event-news\/hass-via-messenger-hate-speech-politische-polarisierung-und-demokratie\/\" target=\"_blank\"><em>Jetzt anmelden f\u00fcr das Event am 18. November 2021!<\/em><\/a><\/p>\n\n\n\n<figure class=\"wp-block-gallery columns-1 is-cropped wp-block-gallery-1 is-layout-flex wp-block-gallery-is-layout-flex\"><ul class=\"blocks-gallery-grid\"><li class=\"blocks-gallery-item\"><figure><img loading=\"lazy\" decoding=\"async\" width=\"1024\" height=\"600\" src=\"https:\/\/blog.zhaw.ch\/digital-futures-lab\/files\/2021\/10\/HateSpeech-1024x600.jpg\" alt=\"\" data-id=\"417\" data-full-url=\"https:\/\/blog.zhaw.ch\/digital-futures-lab\/files\/2021\/10\/HateSpeech-scaled.jpg\" data-link=\"https:\/\/blog.zhaw.ch\/digital-futures-lab\/?attachment_id=417\" class=\"wp-image-417\" srcset=\"https:\/\/blog.zhaw.ch\/digital-futures-lab\/files\/2021\/10\/HateSpeech-1024x600.jpg 1024w, https:\/\/blog.zhaw.ch\/digital-futures-lab\/files\/2021\/10\/HateSpeech-300x176.jpg 300w, https:\/\/blog.zhaw.ch\/digital-futures-lab\/files\/2021\/10\/HateSpeech-768x450.jpg 768w, https:\/\/blog.zhaw.ch\/digital-futures-lab\/files\/2021\/10\/HateSpeech-1536x899.jpg 1536w, https:\/\/blog.zhaw.ch\/digital-futures-lab\/files\/2021\/10\/HateSpeech-2048x1199.jpg 2048w\" sizes=\"auto, (max-width: 1024px) 100vw, 1024px\" \/><\/figure><\/li><\/ul><\/figure>\n","protected":false},"excerpt":{"rendered":"<p>Schweizer Jugendliche treffen im Internet h\u00e4ufig auf Hate Speech. Das geht aus dem JAMESfocus-Bericht der ZHAW in Zusammenarbeit mit Swisscom hervor. Aber \u00fcber die Verbreitung von Hate Speech und Fake News in der Schweiz gibt es nur wenige Daten. Pius von D\u00e4niken vom ZHAW Centre for Artificial Intelligence (CAI) erkl\u00e4rt, warum das so ist. Seit [&hellip;]<\/p>\n","protected":false},"author":555,"featured_media":416,"comment_status":"open","ping_status":"open","sticky":false,"template":"","format":"standard","meta":{"ngg_post_thumbnail":0,"footnotes":""},"categories":[1],"tags":[],"features":[],"class_list":["post-415","post","type-post","status-publish","format-standard","has-post-thumbnail","hentry","category-allgemein"],"yoast_head":"<!-- This site is optimized with the Yoast SEO Premium plugin v27.2 (Yoast SEO v27.2) - https:\/\/yoast.com\/product\/yoast-seo-premium-wordpress\/ -->\n<title>Wie viel Schweizer Hate Speech gibt es auf Social Media? - Digital Futures Lab - Community Blog<\/title>\n<meta name=\"robots\" content=\"index, follow, max-snippet:-1, max-image-preview:large, max-video-preview:-1\" \/>\n<link rel=\"canonical\" href=\"https:\/\/blog.zhaw.ch\/digital-futures-lab\/2021\/10\/21\/wie-viel-schweizer-hate-speech-gibt-es-auf-social-media\/\" \/>\n<meta property=\"og:locale\" content=\"en_GB\" \/>\n<meta property=\"og:type\" content=\"article\" \/>\n<meta property=\"og:title\" content=\"Wie viel Schweizer Hate Speech gibt es auf Social Media?\" \/>\n<meta property=\"og:description\" content=\"Schweizer Jugendliche treffen im Internet h\u00e4ufig auf Hate Speech. Das geht aus dem JAMESfocus-Bericht der ZHAW in Zusammenarbeit mit Swisscom hervor. Aber \u00fcber die Verbreitung von Hate Speech und Fake News in der Schweiz gibt es nur wenige Daten. Pius von D\u00e4niken vom ZHAW Centre for Artificial Intelligence (CAI) erkl\u00e4rt, warum das so ist. Seit [&hellip;]\" \/>\n<meta property=\"og:url\" content=\"https:\/\/blog.zhaw.ch\/digital-futures-lab\/2021\/10\/21\/wie-viel-schweizer-hate-speech-gibt-es-auf-social-media\/\" \/>\n<meta property=\"og:site_name\" content=\"Digital Futures Lab - Community Blog\" \/>\n<meta property=\"article:published_time\" content=\"2021-10-21T12:39:56+00:00\" \/>\n<meta property=\"article:modified_time\" content=\"2021-10-21T14:09:46+00:00\" \/>\n<meta property=\"og:image\" content=\"https:\/\/blog.zhaw.ch\/digital-futures-lab\/files\/2021\/10\/preview_COLOURBOX30767907.jpg\" \/>\n\t<meta property=\"og:image:width\" content=\"480\" \/>\n\t<meta property=\"og:image:height\" content=\"319\" \/>\n\t<meta property=\"og:image:type\" content=\"image\/jpeg\" \/>\n<meta name=\"author\" content=\"Bettina Sackenreuther\" \/>\n<meta name=\"twitter:card\" content=\"summary_large_image\" \/>\n<meta name=\"twitter:label1\" content=\"Written by\" \/>\n\t<meta name=\"twitter:data1\" content=\"Bettina Sackenreuther\" \/>\n\t<meta name=\"twitter:label2\" content=\"Estimated reading time\" \/>\n\t<meta name=\"twitter:data2\" content=\"4 minutes\" \/>\n<script type=\"application\/ld+json\" class=\"yoast-schema-graph\">{\"@context\":\"https:\/\/schema.org\",\"@graph\":[{\"@type\":\"Article\",\"@id\":\"https:\/\/blog.zhaw.ch\/digital-futures-lab\/2021\/10\/21\/wie-viel-schweizer-hate-speech-gibt-es-auf-social-media\/#article\",\"isPartOf\":{\"@id\":\"https:\/\/blog.zhaw.ch\/digital-futures-lab\/2021\/10\/21\/wie-viel-schweizer-hate-speech-gibt-es-auf-social-media\/\"},\"author\":{\"name\":\"Bettina Sackenreuther\",\"@id\":\"https:\/\/blog.zhaw.ch\/digital-futures-lab\/#\/schema\/person\/5d575ab56ef68a7c233afe882b6462a2\"},\"headline\":\"Wie viel Schweizer Hate Speech gibt es auf Social Media?\",\"datePublished\":\"2021-10-21T12:39:56+00:00\",\"dateModified\":\"2021-10-21T14:09:46+00:00\",\"mainEntityOfPage\":{\"@id\":\"https:\/\/blog.zhaw.ch\/digital-futures-lab\/2021\/10\/21\/wie-viel-schweizer-hate-speech-gibt-es-auf-social-media\/\"},\"wordCount\":798,\"commentCount\":0,\"image\":{\"@id\":\"https:\/\/blog.zhaw.ch\/digital-futures-lab\/2021\/10\/21\/wie-viel-schweizer-hate-speech-gibt-es-auf-social-media\/#primaryimage\"},\"thumbnailUrl\":\"https:\/\/blog.zhaw.ch\/digital-futures-lab\/files\/2021\/10\/preview_COLOURBOX30767907.jpg\",\"articleSection\":[\"Allgemein\"],\"inLanguage\":\"en-GB\",\"potentialAction\":[{\"@type\":\"CommentAction\",\"name\":\"Comment\",\"target\":[\"https:\/\/blog.zhaw.ch\/digital-futures-lab\/2021\/10\/21\/wie-viel-schweizer-hate-speech-gibt-es-auf-social-media\/#respond\"]}]},{\"@type\":\"WebPage\",\"@id\":\"https:\/\/blog.zhaw.ch\/digital-futures-lab\/2021\/10\/21\/wie-viel-schweizer-hate-speech-gibt-es-auf-social-media\/\",\"url\":\"https:\/\/blog.zhaw.ch\/digital-futures-lab\/2021\/10\/21\/wie-viel-schweizer-hate-speech-gibt-es-auf-social-media\/\",\"name\":\"Wie viel Schweizer Hate Speech gibt es auf Social Media? - Digital Futures Lab - Community Blog\",\"isPartOf\":{\"@id\":\"https:\/\/blog.zhaw.ch\/digital-futures-lab\/#website\"},\"primaryImageOfPage\":{\"@id\":\"https:\/\/blog.zhaw.ch\/digital-futures-lab\/2021\/10\/21\/wie-viel-schweizer-hate-speech-gibt-es-auf-social-media\/#primaryimage\"},\"image\":{\"@id\":\"https:\/\/blog.zhaw.ch\/digital-futures-lab\/2021\/10\/21\/wie-viel-schweizer-hate-speech-gibt-es-auf-social-media\/#primaryimage\"},\"thumbnailUrl\":\"https:\/\/blog.zhaw.ch\/digital-futures-lab\/files\/2021\/10\/preview_COLOURBOX30767907.jpg\",\"datePublished\":\"2021-10-21T12:39:56+00:00\",\"dateModified\":\"2021-10-21T14:09:46+00:00\",\"author\":{\"@id\":\"https:\/\/blog.zhaw.ch\/digital-futures-lab\/#\/schema\/person\/5d575ab56ef68a7c233afe882b6462a2\"},\"breadcrumb\":{\"@id\":\"https:\/\/blog.zhaw.ch\/digital-futures-lab\/2021\/10\/21\/wie-viel-schweizer-hate-speech-gibt-es-auf-social-media\/#breadcrumb\"},\"inLanguage\":\"en-GB\",\"potentialAction\":[{\"@type\":\"ReadAction\",\"target\":[\"https:\/\/blog.zhaw.ch\/digital-futures-lab\/2021\/10\/21\/wie-viel-schweizer-hate-speech-gibt-es-auf-social-media\/\"]}]},{\"@type\":\"ImageObject\",\"inLanguage\":\"en-GB\",\"@id\":\"https:\/\/blog.zhaw.ch\/digital-futures-lab\/2021\/10\/21\/wie-viel-schweizer-hate-speech-gibt-es-auf-social-media\/#primaryimage\",\"url\":\"https:\/\/blog.zhaw.ch\/digital-futures-lab\/files\/2021\/10\/preview_COLOURBOX30767907.jpg\",\"contentUrl\":\"https:\/\/blog.zhaw.ch\/digital-futures-lab\/files\/2021\/10\/preview_COLOURBOX30767907.jpg\",\"width\":480,\"height\":319},{\"@type\":\"BreadcrumbList\",\"@id\":\"https:\/\/blog.zhaw.ch\/digital-futures-lab\/2021\/10\/21\/wie-viel-schweizer-hate-speech-gibt-es-auf-social-media\/#breadcrumb\",\"itemListElement\":[{\"@type\":\"ListItem\",\"position\":1,\"name\":\"Startseite\",\"item\":\"https:\/\/blog.zhaw.ch\/digital-futures-lab\/\"},{\"@type\":\"ListItem\",\"position\":2,\"name\":\"Wie viel Schweizer Hate Speech gibt es auf Social Media?\"}]},{\"@type\":\"WebSite\",\"@id\":\"https:\/\/blog.zhaw.ch\/digital-futures-lab\/#website\",\"url\":\"https:\/\/blog.zhaw.ch\/digital-futures-lab\/\",\"name\":\"Digital Futures Lab - Community Blog\",\"description\":\"A Blog of the ZHAW Zurich University of Applied Sciences\",\"potentialAction\":[{\"@type\":\"SearchAction\",\"target\":{\"@type\":\"EntryPoint\",\"urlTemplate\":\"https:\/\/blog.zhaw.ch\/digital-futures-lab\/?s={search_term_string}\"},\"query-input\":{\"@type\":\"PropertyValueSpecification\",\"valueRequired\":true,\"valueName\":\"search_term_string\"}}],\"inLanguage\":\"en-GB\"},{\"@type\":\"Person\",\"@id\":\"https:\/\/blog.zhaw.ch\/digital-futures-lab\/#\/schema\/person\/5d575ab56ef68a7c233afe882b6462a2\",\"name\":\"Bettina Sackenreuther\",\"image\":{\"@type\":\"ImageObject\",\"inLanguage\":\"en-GB\",\"@id\":\"https:\/\/secure.gravatar.com\/avatar\/0b10173ba9129922c4c6e72cec2a4dd43b5aa153d649bb44459ab500c94c4f92?s=96&d=mm&r=g\",\"url\":\"https:\/\/secure.gravatar.com\/avatar\/0b10173ba9129922c4c6e72cec2a4dd43b5aa153d649bb44459ab500c94c4f92?s=96&d=mm&r=g\",\"contentUrl\":\"https:\/\/secure.gravatar.com\/avatar\/0b10173ba9129922c4c6e72cec2a4dd43b5aa153d649bb44459ab500c94c4f92?s=96&d=mm&r=g\",\"caption\":\"Bettina Sackenreuther\"},\"url\":\"https:\/\/blog.zhaw.ch\/digital-futures-lab\/author\/mack\/\"}]}<\/script>\n<!-- \/ Yoast SEO Premium plugin. -->","yoast_head_json":{"title":"Wie viel Schweizer Hate Speech gibt es auf Social Media? - Digital Futures Lab - Community Blog","robots":{"index":"index","follow":"follow","max-snippet":"max-snippet:-1","max-image-preview":"max-image-preview:large","max-video-preview":"max-video-preview:-1"},"canonical":"https:\/\/blog.zhaw.ch\/digital-futures-lab\/2021\/10\/21\/wie-viel-schweizer-hate-speech-gibt-es-auf-social-media\/","og_locale":"en_GB","og_type":"article","og_title":"Wie viel Schweizer Hate Speech gibt es auf Social Media?","og_description":"Schweizer Jugendliche treffen im Internet h\u00e4ufig auf Hate Speech. Das geht aus dem JAMESfocus-Bericht der ZHAW in Zusammenarbeit mit Swisscom hervor. Aber \u00fcber die Verbreitung von Hate Speech und Fake News in der Schweiz gibt es nur wenige Daten. Pius von D\u00e4niken vom ZHAW Centre for Artificial Intelligence (CAI) erkl\u00e4rt, warum das so ist. Seit [&hellip;]","og_url":"https:\/\/blog.zhaw.ch\/digital-futures-lab\/2021\/10\/21\/wie-viel-schweizer-hate-speech-gibt-es-auf-social-media\/","og_site_name":"Digital Futures Lab - Community Blog","article_published_time":"2021-10-21T12:39:56+00:00","article_modified_time":"2021-10-21T14:09:46+00:00","og_image":[{"width":480,"height":319,"url":"https:\/\/blog.zhaw.ch\/digital-futures-lab\/files\/2021\/10\/preview_COLOURBOX30767907.jpg","type":"image\/jpeg"}],"author":"Bettina Sackenreuther","twitter_card":"summary_large_image","twitter_misc":{"Written by":"Bettina Sackenreuther","Estimated reading time":"4 minutes"},"schema":{"@context":"https:\/\/schema.org","@graph":[{"@type":"Article","@id":"https:\/\/blog.zhaw.ch\/digital-futures-lab\/2021\/10\/21\/wie-viel-schweizer-hate-speech-gibt-es-auf-social-media\/#article","isPartOf":{"@id":"https:\/\/blog.zhaw.ch\/digital-futures-lab\/2021\/10\/21\/wie-viel-schweizer-hate-speech-gibt-es-auf-social-media\/"},"author":{"name":"Bettina Sackenreuther","@id":"https:\/\/blog.zhaw.ch\/digital-futures-lab\/#\/schema\/person\/5d575ab56ef68a7c233afe882b6462a2"},"headline":"Wie viel Schweizer Hate Speech gibt es auf Social Media?","datePublished":"2021-10-21T12:39:56+00:00","dateModified":"2021-10-21T14:09:46+00:00","mainEntityOfPage":{"@id":"https:\/\/blog.zhaw.ch\/digital-futures-lab\/2021\/10\/21\/wie-viel-schweizer-hate-speech-gibt-es-auf-social-media\/"},"wordCount":798,"commentCount":0,"image":{"@id":"https:\/\/blog.zhaw.ch\/digital-futures-lab\/2021\/10\/21\/wie-viel-schweizer-hate-speech-gibt-es-auf-social-media\/#primaryimage"},"thumbnailUrl":"https:\/\/blog.zhaw.ch\/digital-futures-lab\/files\/2021\/10\/preview_COLOURBOX30767907.jpg","articleSection":["Allgemein"],"inLanguage":"en-GB","potentialAction":[{"@type":"CommentAction","name":"Comment","target":["https:\/\/blog.zhaw.ch\/digital-futures-lab\/2021\/10\/21\/wie-viel-schweizer-hate-speech-gibt-es-auf-social-media\/#respond"]}]},{"@type":"WebPage","@id":"https:\/\/blog.zhaw.ch\/digital-futures-lab\/2021\/10\/21\/wie-viel-schweizer-hate-speech-gibt-es-auf-social-media\/","url":"https:\/\/blog.zhaw.ch\/digital-futures-lab\/2021\/10\/21\/wie-viel-schweizer-hate-speech-gibt-es-auf-social-media\/","name":"Wie viel Schweizer Hate Speech gibt es auf Social Media? - Digital Futures Lab - Community Blog","isPartOf":{"@id":"https:\/\/blog.zhaw.ch\/digital-futures-lab\/#website"},"primaryImageOfPage":{"@id":"https:\/\/blog.zhaw.ch\/digital-futures-lab\/2021\/10\/21\/wie-viel-schweizer-hate-speech-gibt-es-auf-social-media\/#primaryimage"},"image":{"@id":"https:\/\/blog.zhaw.ch\/digital-futures-lab\/2021\/10\/21\/wie-viel-schweizer-hate-speech-gibt-es-auf-social-media\/#primaryimage"},"thumbnailUrl":"https:\/\/blog.zhaw.ch\/digital-futures-lab\/files\/2021\/10\/preview_COLOURBOX30767907.jpg","datePublished":"2021-10-21T12:39:56+00:00","dateModified":"2021-10-21T14:09:46+00:00","author":{"@id":"https:\/\/blog.zhaw.ch\/digital-futures-lab\/#\/schema\/person\/5d575ab56ef68a7c233afe882b6462a2"},"breadcrumb":{"@id":"https:\/\/blog.zhaw.ch\/digital-futures-lab\/2021\/10\/21\/wie-viel-schweizer-hate-speech-gibt-es-auf-social-media\/#breadcrumb"},"inLanguage":"en-GB","potentialAction":[{"@type":"ReadAction","target":["https:\/\/blog.zhaw.ch\/digital-futures-lab\/2021\/10\/21\/wie-viel-schweizer-hate-speech-gibt-es-auf-social-media\/"]}]},{"@type":"ImageObject","inLanguage":"en-GB","@id":"https:\/\/blog.zhaw.ch\/digital-futures-lab\/2021\/10\/21\/wie-viel-schweizer-hate-speech-gibt-es-auf-social-media\/#primaryimage","url":"https:\/\/blog.zhaw.ch\/digital-futures-lab\/files\/2021\/10\/preview_COLOURBOX30767907.jpg","contentUrl":"https:\/\/blog.zhaw.ch\/digital-futures-lab\/files\/2021\/10\/preview_COLOURBOX30767907.jpg","width":480,"height":319},{"@type":"BreadcrumbList","@id":"https:\/\/blog.zhaw.ch\/digital-futures-lab\/2021\/10\/21\/wie-viel-schweizer-hate-speech-gibt-es-auf-social-media\/#breadcrumb","itemListElement":[{"@type":"ListItem","position":1,"name":"Startseite","item":"https:\/\/blog.zhaw.ch\/digital-futures-lab\/"},{"@type":"ListItem","position":2,"name":"Wie viel Schweizer Hate Speech gibt es auf Social Media?"}]},{"@type":"WebSite","@id":"https:\/\/blog.zhaw.ch\/digital-futures-lab\/#website","url":"https:\/\/blog.zhaw.ch\/digital-futures-lab\/","name":"Digital Futures Lab - Community Blog","description":"A Blog of the ZHAW Zurich University of Applied Sciences","potentialAction":[{"@type":"SearchAction","target":{"@type":"EntryPoint","urlTemplate":"https:\/\/blog.zhaw.ch\/digital-futures-lab\/?s={search_term_string}"},"query-input":{"@type":"PropertyValueSpecification","valueRequired":true,"valueName":"search_term_string"}}],"inLanguage":"en-GB"},{"@type":"Person","@id":"https:\/\/blog.zhaw.ch\/digital-futures-lab\/#\/schema\/person\/5d575ab56ef68a7c233afe882b6462a2","name":"Bettina Sackenreuther","image":{"@type":"ImageObject","inLanguage":"en-GB","@id":"https:\/\/secure.gravatar.com\/avatar\/0b10173ba9129922c4c6e72cec2a4dd43b5aa153d649bb44459ab500c94c4f92?s=96&d=mm&r=g","url":"https:\/\/secure.gravatar.com\/avatar\/0b10173ba9129922c4c6e72cec2a4dd43b5aa153d649bb44459ab500c94c4f92?s=96&d=mm&r=g","contentUrl":"https:\/\/secure.gravatar.com\/avatar\/0b10173ba9129922c4c6e72cec2a4dd43b5aa153d649bb44459ab500c94c4f92?s=96&d=mm&r=g","caption":"Bettina Sackenreuther"},"url":"https:\/\/blog.zhaw.ch\/digital-futures-lab\/author\/mack\/"}]}},"_links":{"self":[{"href":"https:\/\/blog.zhaw.ch\/digital-futures-lab\/wp-json\/wp\/v2\/posts\/415","targetHints":{"allow":["GET"]}}],"collection":[{"href":"https:\/\/blog.zhaw.ch\/digital-futures-lab\/wp-json\/wp\/v2\/posts"}],"about":[{"href":"https:\/\/blog.zhaw.ch\/digital-futures-lab\/wp-json\/wp\/v2\/types\/post"}],"author":[{"embeddable":true,"href":"https:\/\/blog.zhaw.ch\/digital-futures-lab\/wp-json\/wp\/v2\/users\/555"}],"replies":[{"embeddable":true,"href":"https:\/\/blog.zhaw.ch\/digital-futures-lab\/wp-json\/wp\/v2\/comments?post=415"}],"version-history":[{"count":2,"href":"https:\/\/blog.zhaw.ch\/digital-futures-lab\/wp-json\/wp\/v2\/posts\/415\/revisions"}],"predecessor-version":[{"id":419,"href":"https:\/\/blog.zhaw.ch\/digital-futures-lab\/wp-json\/wp\/v2\/posts\/415\/revisions\/419"}],"wp:featuredmedia":[{"embeddable":true,"href":"https:\/\/blog.zhaw.ch\/digital-futures-lab\/wp-json\/wp\/v2\/media\/416"}],"wp:attachment":[{"href":"https:\/\/blog.zhaw.ch\/digital-futures-lab\/wp-json\/wp\/v2\/media?parent=415"}],"wp:term":[{"taxonomy":"category","embeddable":true,"href":"https:\/\/blog.zhaw.ch\/digital-futures-lab\/wp-json\/wp\/v2\/categories?post=415"},{"taxonomy":"post_tag","embeddable":true,"href":"https:\/\/blog.zhaw.ch\/digital-futures-lab\/wp-json\/wp\/v2\/tags?post=415"},{"taxonomy":"features","embeddable":true,"href":"https:\/\/blog.zhaw.ch\/digital-futures-lab\/wp-json\/wp\/v2\/features?post=415"}],"curies":[{"name":"wp","href":"https:\/\/api.w.org\/{rel}","templated":true}]}}